{"id":13573,"date":"2025-10-09T19:01:59","date_gmt":"2025-10-09T17:01:59","guid":{"rendered":"https:\/\/langujobs.com\/?p=13573"},"modified":"2026-03-26T13:50:11","modified_gmt":"2026-03-26T12:50:11","slug":"tyoskentely-lissabonissa","status":"publish","type":"post","link":"https:\/\/langujobs.com\/fi\/tyoskentely-lissabonissa\/","title":{"rendered":"Ty\u00f6skentely Lissabonissa \u2013 palkka, asuminen ja el\u00e4m\u00e4 ulkomailla"},"content":{"rendered":"\n<p>Ty\u00f6skentely Lissabonissa houkuttelee suomalaisia, jotka haluavat ty\u00f6skennell\u00e4 ulkomailla aurinkoisessa p\u00e4\u00e4kaupungissa, jossa ty\u00f6markkinat kasvavat nopeasti ja kansainv\u00e4listen osaajien kysynt\u00e4 on vahvaa. Kaupunki tarjoaa modernit ty\u00f6ymp\u00e4rist\u00f6t, kansainv\u00e4lisen ilmapiirin sek\u00e4 suhteellisen kohtuulliset elinkustannukset verrattuna moniin muihin L\u00e4nsi-Euroopan p\u00e4\u00e4kaupunkeihin.<\/p>\n\n\n\n<p>Lissabon on Portugalin kansainv\u00e4lisin ty\u00f6markkina, erityisesti teknologia-, shared service center-, matkailu- ja digitaalialoilla. Monissa kansainv\u00e4lisiss\u00e4 yrityksiss\u00e4 ty\u00f6kielen\u00e4 on englanti, erityisesti IT-, markkinointi-, asiakaspalvelu- ja BPO-rooleissa.<\/p>\n\n\n\n<p>Jos tavoitteesi on hankkia kansainv\u00e4list\u00e4 ty\u00f6kokemusta ja nauttia korkeasta el\u00e4m\u00e4nlaadusta l\u00e4mpim\u00e4ss\u00e4 ilmastossa, monet aloittavat tutkimalla mahdollisuuksia <strong><a href=\"https:\/\/langujobs.com\/fi\/tyoskentely-portugalissa\/\">ty\u00f6skentely Portugalissa<\/a><\/strong> ennen kuin keskittyv\u00e4t Lissaboniin.<\/p>\n\n\n\n<figure class=\"wp-block-image size-large\"><img fetchpriority=\"high\" decoding=\"async\" width=\"1024\" height=\"682\" src=\"https:\/\/langujobs.com\/wp-content\/uploads\/2025\/10\/work-in-lisbon-1024x682.webp\" alt=\"Kaupunkiel\u00e4m\u00e4\u00e4 Lissabonissa\" class=\"wp-image-1489\" srcset=\"https:\/\/langujobs.com\/wp-content\/uploads\/2025\/10\/work-in-lisbon-1024x682.webp 1024w, https:\/\/langujobs.com\/wp-content\/uploads\/2025\/10\/work-in-lisbon-300x200.webp 300w, https:\/\/langujobs.com\/wp-content\/uploads\/2025\/10\/work-in-lisbon-768x511.webp 768w, https:\/\/langujobs.com\/wp-content\/uploads\/2025\/10\/work-in-lisbon-1536x1022.webp 1536w, https:\/\/langujobs.com\/wp-content\/uploads\/2025\/10\/work-in-lisbon-600x399.webp 600w, https:\/\/langujobs.com\/wp-content\/uploads\/2025\/10\/work-in-lisbon-1200x799.webp 1200w, https:\/\/langujobs.com\/wp-content\/uploads\/2025\/10\/work-in-lisbon.webp 2048w\" sizes=\"(max-width: 1024px) 100vw, 1024px\" \/><\/figure>\n\n\n\n<hr class=\"wp-block-separator has-alpha-channel-opacity\"\/>\n\n\n\n<h2 class=\"wp-block-heading\">Ty\u00f6skentely Lissabonissa ja ty\u00f6markkinat<\/h2>\n\n\n\n<p>Lissabonin ty\u00f6markkinat ovat kansainv\u00e4liset ja kasvavat nopeasti. Keskeisi\u00e4 aloja ovat teknologia, ulkoistaminen, matkailu, digitaaliset palvelut ja yrityspalvelut.<\/p>\n\n\n\n<p>Suurin osa ty\u00f6mahdollisuuksista sijaitsee:<\/p>\n\n\n\n<ul class=\"wp-block-list\">\n<li>Lissabonin keskusta<\/li>\n\n\n\n<li>Parque das Na\u00e7\u00f5es<\/li>\n\n\n\n<li>Alc\u00e2ntara<\/li>\n\n\n\n<li>Marvila<\/li>\n\n\n\n<li>Oeiras<\/li>\n\n\n\n<li>Cascais<\/li>\n<\/ul>\n\n\n\n<p>Erityisen suurta kysynt\u00e4\u00e4 on aloilla:<\/p>\n\n\n\n<ul class=\"wp-block-list\">\n<li>IT ja ohjelmistokehitys<\/li>\n\n\n\n<li>shared service center -toiminnot ja BPO<\/li>\n\n\n\n<li>digitaalinen markkinointi<\/li>\n\n\n\n<li>asiakaspalvelu kansainv\u00e4lisille markkinoille<\/li>\n\n\n\n<li>myynti ja liiketoiminnan kehitys<\/li>\n\n\n\n<li>data ja analytiikka<\/li>\n\n\n\n<li>matkailu ja hotelli-ala<\/li>\n<\/ul>\n\n\n\n<p>Monet monikansalliset yritykset ovat perustaneet palvelukeskuksia Lissaboniin ja rekrytoivat monikielisi\u00e4 ty\u00f6ntekij\u00f6it\u00e4 palvelemaan eurooppalaisia ja globaaleja asiakkaita. Suomen kielen osaaminen voi olla etu pohjoismaisille markkinoille suuntautuvissa rooleissa.<\/p>\n\n\n\n<figure class=\"wp-block-image size-large\"><img decoding=\"async\" width=\"1024\" height=\"745\" src=\"https:\/\/langujobs.com\/wp-content\/uploads\/2025\/10\/joao-reguengos-zXfpoxHnxrs-unsplash-1024x745.jpg\" alt=\"Ihmisi\u00e4 matkalla t\u00f6ihin Lissabonissa\" class=\"wp-image-7821\" srcset=\"https:\/\/langujobs.com\/wp-content\/uploads\/2025\/10\/joao-reguengos-zXfpoxHnxrs-unsplash-1024x745.jpg 1024w, https:\/\/langujobs.com\/wp-content\/uploads\/2025\/10\/joao-reguengos-zXfpoxHnxrs-unsplash-300x218.jpg 300w, https:\/\/langujobs.com\/wp-content\/uploads\/2025\/10\/joao-reguengos-zXfpoxHnxrs-unsplash-768x559.jpg 768w, https:\/\/langujobs.com\/wp-content\/uploads\/2025\/10\/joao-reguengos-zXfpoxHnxrs-unsplash-1536x1117.jpg 1536w, https:\/\/langujobs.com\/wp-content\/uploads\/2025\/10\/joao-reguengos-zXfpoxHnxrs-unsplash-2048x1490.jpg 2048w, https:\/\/langujobs.com\/wp-content\/uploads\/2025\/10\/joao-reguengos-zXfpoxHnxrs-unsplash-600x437.jpg 600w, https:\/\/langujobs.com\/wp-content\/uploads\/2025\/10\/joao-reguengos-zXfpoxHnxrs-unsplash-1200x873.jpg 1200w\" sizes=\"(max-width: 1024px) 100vw, 1024px\" \/><\/figure>\n\n\n\n<hr class=\"wp-block-separator has-alpha-channel-opacity\"\/>\n\n\n\n<h2 class=\"wp-block-heading\">Yleisimm\u00e4t ty\u00f6paikat ulkomaalaisille Lissabonissa<\/h2>\n\n\n\n<p>Kansainv\u00e4liset hakijat ty\u00f6llistyv\u00e4t usein teht\u00e4viin, joissa kielitaito ja kokemus kansainv\u00e4lisest\u00e4 ty\u00f6ymp\u00e4rist\u00f6st\u00e4 ovat t\u00e4rkeit\u00e4.<\/p>\n\n\n\n<p>Yleisi\u00e4 ty\u00f6teht\u00e4vi\u00e4 ovat:<\/p>\n\n\n\n<ul class=\"wp-block-list\">\n<li>asiakaspalvelija kansainv\u00e4lisille markkinoille<\/li>\n\n\n\n<li>content moderator ja trust &amp; safety -roolit<\/li>\n\n\n\n<li>digitaalisen markkinoinnin asiantuntija<\/li>\n\n\n\n<li>ohjelmistokehitt\u00e4j\u00e4 ja IT-asiantuntija<\/li>\n\n\n\n<li>data-analyytikko<\/li>\n\n\n\n<li>myyntiedustaja ja account manager<\/li>\n\n\n\n<li>matkailu- ja hotellialan ty\u00f6ntekij\u00e4<\/li>\n<\/ul>\n\n\n\n<p>Monet asiakaspalvelun ja BPO-sektorin entry-level-teht\u00e4v\u00e4t eiv\u00e4t vaadi aiempaa ty\u00f6kokemusta. IT- ja data-alan asiantuntijateht\u00e4v\u00e4t tarjoavat korkeampaa palkkaa ja parempia uramahdollisuuksia.<\/p>\n\n\n\n<hr class=\"wp-block-separator has-alpha-channel-opacity\"\/>\n\n\n\n<h2 class=\"wp-block-heading\">Palkka Lissabonissa \u2013 paljonko voi ansaita?<\/h2>\n\n\n\n<p>Palkkataso Lissabonissa on alhaisempi kuin Pohjois-Euroopassa, mutta suhteessa paikallisiin elinkustannuksiin kilpailukykyinen.<\/p>\n\n\n\n<p>Tyypillisi\u00e4 kuukausittaisia bruttopalkkoja:<\/p>\n\n\n\n<ul class=\"wp-block-list\">\n<li>Asiakaspalvelu \/ tuki: \u20ac1 200\u2013\u20ac1 800<\/li>\n\n\n\n<li>Myynti \/ liiketoiminnan kehitys: \u20ac1 500\u2013\u20ac2 600<\/li>\n\n\n\n<li>IT \/ ohjelmistokehitys: \u20ac2 500\u2013\u20ac4 800+<\/li>\n\n\n\n<li>Digitaalinen markkinointi: \u20ac1 600\u2013\u20ac2 800<\/li>\n\n\n\n<li>Data \/ analytiikka: \u20ac2 400\u2013\u20ac4 500+<\/li>\n\n\n\n<li>Talous \/ kirjanpito: \u20ac1 900\u2013\u20ac3 300<\/li>\n<\/ul>\n\n\n\n<p>Monet ty\u00f6nantajat tarjoavat lis\u00e4ksi:<\/p>\n\n\n\n<ul class=\"wp-block-list\">\n<li>tulospalkkioita<\/li>\n\n\n\n<li>lounasetuja<\/li>\n\n\n\n<li>yksityisen sairausvakuutuksen<\/li>\n\n\n\n<li>relocation-paketteja<\/li>\n\n\n\n<li>joustavat ty\u00f6ajat<\/li>\n<\/ul>\n\n\n\n<p>Vaikka palkat ovat matalampia kuin Suomessa, l\u00e4mpim\u00e4mpi ilmasto, el\u00e4m\u00e4ntyyli ja alhaisemmat p\u00e4ivitt\u00e4iset kulut tekev\u00e4t Lissabonista houkuttelevan vaihtoehdon.<\/p>\n\n\n\n<hr class=\"wp-block-separator has-alpha-channel-opacity\"\/>\n\n\n\n<h2 class=\"wp-block-heading\">Miten ty\u00f6nhaku toimii Lissabonissa?<\/h2>\n\n\n\n<p>Kansainv\u00e4linen rekrytointi tapahtuu p\u00e4\u00e4asiassa:<\/p>\n\n\n\n<ul class=\"wp-block-list\">\n<li>monikansallisten yritysten palvelukeskusten kautta<\/li>\n\n\n\n<li>monikielisiin osaajiin erikoistuneiden rekrytointitoimistojen kautta<\/li>\n\n\n\n<li>hakemalla suoraan yritysten verkkosivuilta<\/li>\n<\/ul>\n\n\n\n<p>Tyypillinen rekrytointiprosessi sis\u00e4lt\u00e4\u00e4:<\/p>\n\n\n\n<ul class=\"wp-block-list\">\n<li>verkkohakemuksen ja CV:n esikarsinnan<\/li>\n\n\n\n<li>videohaastattelun<\/li>\n\n\n\n<li>mahdollisen kieli- tai osaamistestin<\/li>\n\n\n\n<li>kirjallisen ty\u00f6tarjouksen ja ty\u00f6sopimuksen<\/li>\n<\/ul>\n\n\n\n<p>Monet yritykset tarjoavat tukea muuttoon ja k\u00e4yt\u00e4nn\u00f6n j\u00e4rjestelyihin.<\/p>\n\n\n\n<hr class=\"wp-block-separator has-alpha-channel-opacity\"\/>\n\n\n\n<h2 class=\"wp-block-heading\">Verotus ja ty\u00f6olosuhteet Lissabonissa<\/h2>\n\n\n\n<p>Portugalissa on s\u00e4\u00e4dellyt ty\u00f6ajat, palkallinen vuosiloma ja selke\u00e4t ty\u00f6sopimukset. Ty\u00f6olosuhteet ovat yleens\u00e4 hyv\u00e4t erityisesti kansainv\u00e4lisiss\u00e4 yrityksiss\u00e4.<\/p>\n\n\n\n<p>Tuloverotus on EU-maiden keskitasoa korkeampi. Ty\u00f6ntekij\u00e4t maksavat my\u00f6s sosiaaliturvamaksuja.<\/p>\n\n\n\n<p>Virallinen verotieto:<br><a href=\"https:\/\/www.portaldasfinancas.gov.pt\">https:\/\/www.portaldasfinancas.gov.pt<\/a><\/p>\n\n\n\n<hr class=\"wp-block-separator has-alpha-channel-opacity\"\/>\n\n\n\n<figure class=\"wp-block-image size-large\"><img decoding=\"async\" width=\"1024\" height=\"683\" src=\"https:\/\/langujobs.com\/wp-content\/uploads\/2025\/10\/andreas-brucker-X87yB-jvYHw-unsplash-1-1024x683.jpg\" alt=\"Lissabon ilta-aikaan\" class=\"wp-image-7843\" srcset=\"https:\/\/langujobs.com\/wp-content\/uploads\/2025\/10\/andreas-brucker-X87yB-jvYHw-unsplash-1-1024x683.jpg 1024w, https:\/\/langujobs.com\/wp-content\/uploads\/2025\/10\/andreas-brucker-X87yB-jvYHw-unsplash-1-300x200.jpg 300w, https:\/\/langujobs.com\/wp-content\/uploads\/2025\/10\/andreas-brucker-X87yB-jvYHw-unsplash-1-768x512.jpg 768w, https:\/\/langujobs.com\/wp-content\/uploads\/2025\/10\/andreas-brucker-X87yB-jvYHw-unsplash-1-1536x1024.jpg 1536w, https:\/\/langujobs.com\/wp-content\/uploads\/2025\/10\/andreas-brucker-X87yB-jvYHw-unsplash-1-2048x1365.jpg 2048w, https:\/\/langujobs.com\/wp-content\/uploads\/2025\/10\/andreas-brucker-X87yB-jvYHw-unsplash-1-600x400.jpg 600w, https:\/\/langujobs.com\/wp-content\/uploads\/2025\/10\/andreas-brucker-X87yB-jvYHw-unsplash-1-1200x800.jpg 1200w\" sizes=\"(max-width: 1024px) 100vw, 1024px\" \/><\/figure>\n\n\n\n<hr class=\"wp-block-separator has-alpha-channel-opacity\"\/>\n\n\n\n<h2 class=\"wp-block-heading\">Muutto Lissaboniin ty\u00f6n per\u00e4ss\u00e4<\/h2>\n\n\n\n<p>EU-kansalaiset voivat asua ja ty\u00f6skennell\u00e4 Portugalissa ilman ty\u00f6lupaa.<\/p>\n\n\n\n<p>Pidemm\u00e4n oleskelun yhteydess\u00e4 tulee rekister\u00f6id\u00e4 osoite ja hankkia portugalilainen veronumero (NIF).<\/p>\n\n\n\n<p>Virallinen tieto:<br><a href=\"https:\/\/www.sef.pt\">https:\/\/www.sef.pt<\/a><br><a href=\"https:\/\/www.portugal.gov.pt\">https:\/\/www.portugal.gov.pt<\/a><\/p>\n\n\n\n<hr class=\"wp-block-separator has-alpha-channel-opacity\"\/>\n\n\n\n<h2 class=\"wp-block-heading\">Asuminen Lissabonissa<\/h2>\n\n\n\n<p>Vuokrat Lissabonissa ovat nousseet viime vuosina, mutta ovat edelleen alhaisemmat kuin monissa Pohjois-Euroopan p\u00e4\u00e4kaupungeissa.<\/p>\n\n\n\n<p>Yksi\u00f6n kuukausivuokra on yleens\u00e4 \u20ac900\u2013\u20ac1 400 alueesta riippuen.<\/p>\n\n\n\n<p>Monet aloittavat kimppa-asunnosta kustannusten s\u00e4\u00e4st\u00e4miseksi.<\/p>\n\n\n\n<hr class=\"wp-block-separator has-alpha-channel-opacity\"\/>\n\n\n\n<h2 class=\"wp-block-heading\">El\u00e4minen ja ty\u00f6skentely Lissabonissa<\/h2>\n\n\n\n<p>Lissabon tarjoaa korkean el\u00e4m\u00e4nlaadun, leudon ilmaston ja vilkkaan kulttuuriel\u00e4m\u00e4n.<\/p>\n\n\n\n<p>Kaupunki yhdist\u00e4\u00e4 uramahdollisuudet rantael\u00e4m\u00e4\u00e4n ja rentoon el\u00e4m\u00e4ntyyliin.<\/p>\n\n\n\n<hr class=\"wp-block-separator has-alpha-channel-opacity\"\/>\n\n\n\n<h2 class=\"wp-block-heading\">Liikkuminen Lissabonissa<\/h2>\n\n\n\n<p>Julkinen liikenne on toimiva ja edullinen: metro, bussit ja raitiovaunut.<\/p>\n\n\n\n<p>Useimmat p\u00e4rj\u00e4\u00e4v\u00e4t ilman autoa.<\/p>\n\n\n\n<p>Lissabonista on hyv\u00e4t lentoyhteydet muualle Eurooppaan.<\/p>\n\n\n\n<hr class=\"wp-block-separator has-alpha-channel-opacity\"\/>\n\n\n\n<figure class=\"wp-block-image size-large\"><img loading=\"lazy\" decoding=\"async\" width=\"1024\" height=\"681\" src=\"https:\/\/langujobs.com\/wp-content\/uploads\/2025\/10\/aayush-gupta-ljhCEaHYWJ8-unsplash-1024x681.jpg\" alt=\"Lissabonin ikoninen keltainen raitiovaunu\" class=\"wp-image-7844\" srcset=\"https:\/\/langujobs.com\/wp-content\/uploads\/2025\/10\/aayush-gupta-ljhCEaHYWJ8-unsplash-1024x681.jpg 1024w, https:\/\/langujobs.com\/wp-content\/uploads\/2025\/10\/aayush-gupta-ljhCEaHYWJ8-unsplash-300x200.jpg 300w, https:\/\/langujobs.com\/wp-content\/uploads\/2025\/10\/aayush-gupta-ljhCEaHYWJ8-unsplash-768x511.jpg 768w, https:\/\/langujobs.com\/wp-content\/uploads\/2025\/10\/aayush-gupta-ljhCEaHYWJ8-unsplash-1536x1021.jpg 1536w, https:\/\/langujobs.com\/wp-content\/uploads\/2025\/10\/aayush-gupta-ljhCEaHYWJ8-unsplash-2048x1362.jpg 2048w, https:\/\/langujobs.com\/wp-content\/uploads\/2025\/10\/aayush-gupta-ljhCEaHYWJ8-unsplash-600x399.jpg 600w, https:\/\/langujobs.com\/wp-content\/uploads\/2025\/10\/aayush-gupta-ljhCEaHYWJ8-unsplash-1200x798.jpg 1200w\" sizes=\"(max-width: 1024px) 100vw, 1024px\" \/><\/figure>\n\n\n\n<hr class=\"wp-block-separator has-alpha-channel-opacity\"\/>\n\n\n\n<h2 class=\"wp-block-heading\"><strong>Ty\u00f6paikkojen Lissabonissa edut ja haitat<\/strong><\/h2>\n\n\n\n<p><strong>Edut<\/strong><\/p>\n\n\n\n<ul class=\"wp-block-list\">\n<li>korkea el\u00e4m\u00e4nlaatu<\/li>\n\n\n\n<li>kansainv\u00e4liset ty\u00f6mahdollisuudet<\/li>\n\n\n\n<li>l\u00e4mmin ilmasto<\/li>\n\n\n\n<li>kohtuulliset elinkustannukset<\/li>\n\n\n\n<li>monikulttuurinen ymp\u00e4rist\u00f6<\/li>\n<\/ul>\n\n\n\n<p><strong>Haitat<\/strong><\/p>\n\n\n\n<ul class=\"wp-block-list\">\n<li>matalampi palkkataso kuin Suomessa<\/li>\n\n\n\n<li>nousevat vuokrat<\/li>\n\n\n\n<li>kilpailu parhaista ty\u00f6paikoista<\/li>\n\n\n\n<li>byrokratia voi olla hidasta<\/li>\n\n\n\n<li>rajalliset uramahdollisuudet kansainv\u00e4listen alojen ulkopuolella<\/li>\n<\/ul>\n\n\n\n<hr class=\"wp-block-separator has-alpha-channel-opacity\"\/>\n\n\n\n<h2 class=\"wp-block-heading\">UKK \u2013 Ty\u00f6skentely Lissabonissa<\/h2>\n\n\n\n<p><strong>Onko ty\u00f6paikkoja Lissabonissa helppo l\u00f6yt\u00e4\u00e4?<\/strong><br>Erityisesti asiakaspalvelussa, IT-alalla ja markkinoinnissa on jatkuvaa kysynt\u00e4\u00e4 monikielisille osaajille.<\/p>\n\n\n\n<p><strong>Tarvitseeko osata portugalia?<\/strong><br>Ei aina. Englanti riitt\u00e4\u00e4 monissa kansainv\u00e4lisiss\u00e4 yrityksiss\u00e4.<\/p>\n\n\n\n<p><strong>Tarvitaanko ty\u00f6lupa?<\/strong><br>EU-kansalaiset eiv\u00e4t tarvitse ty\u00f6lupaa Portugaliin.<\/p>\n\n\n\n<p><strong>Onko Lissabon kallis?<\/strong><br>Elinkustannukset ovat kohtuulliset verrattuna moniin muihin Euroopan p\u00e4\u00e4kaupunkeihin, vaikka vuokrat ovat nousseet.<\/p>\n\n\n\n<hr class=\"wp-block-separator has-alpha-channel-opacity\"\/>\n\n\n\n<h2 class=\"wp-block-heading\">Yhteenveto \u2013 onko Lissabon oikea valinta?<\/h2>\n\n\n\n<p>Ty\u00f6paikat Lissabonissa sopivat sinulle, jos haluat kansainv\u00e4list\u00e4 ty\u00f6kokemusta, l\u00e4mpim\u00e4mm\u00e4n ilmaston ja tasapainoisen el\u00e4m\u00e4ntavan. Vaikka palkat ovat matalammat kuin Suomessa, el\u00e4m\u00e4nlaatu ja kansainv\u00e4liset mahdollisuudet tekev\u00e4t Lissabonista houkuttelevan kohteen.<\/p>\n\n\n\n<p>Haluatko vertailla muita kohteita? Lue lis\u00e4\u00e4 <strong><a href=\"https:\/\/langujobs.com\/fi\/\">ty\u00f6 ulkomailla<\/a><\/strong>. Valmis seuraavaan askeleeseen? Tutustu <strong><a href=\"https:\/\/langujobs.com\/fi\/tyopaikat\/\">avoimet ty\u00f6paikat<\/a><\/strong> ja l\u00f6yd\u00e4 ajankohtaiset mahdollisuudet.<\/p>\n","protected":false},"excerpt":{"rendered":"<p>Ty\u00f6skentely Lissabonissa houkuttelee suomalaisia, jotka haluavat ty\u00f6skennell\u00e4 ulkomailla aurinkoisessa p\u00e4\u00e4kaupungissa, jossa ty\u00f6markkinat kasvavat nopeasti ja kansainv\u00e4listen osaajien kysynt\u00e4 on vahvaa. Kaupunki tarjoaa modernit ty\u00f6ymp\u00e4rist\u00f6t, kansainv\u00e4lisen ilmapiirin sek\u00e4 suhteellisen kohtuulliset elinkustannukset&#8230;<\/p>\n","protected":false},"author":2,"featured_media":13572,"comment_status":"closed","ping_status":"closed","sticky":false,"template":"","format":"standard","meta":{"footnotes":""},"categories":[252,545,250,437],"tags":[],"class_list":["post-13573","post","type-post","status-publish","format-standard","has-post-thumbnail","hentry","category-lisbon","category-lissabon","category-portugal","category-portugali"],"yoast_head":"<!-- This site is optimized with the Yoast SEO plugin v27.3 - https:\/\/yoast.com\/product\/yoast-seo-wordpress\/ -->\n<title>Ty\u00f6skentely Lissabonissa \u2013 palkka, asuminen ja el\u00e4m\u00e4 ulkomailla<\/title>\n<meta name=\"description\" content=\"Ty\u00f6skentely Lissabonissa: palkka, asuminen, verotus ja ty\u00f6markkinat. Katso miten l\u00f6yd\u00e4t ty\u00f6 Lissabonissa ja muutat Portugaliin.\" \/>\n<meta name=\"robots\" content=\"index, follow, max-snippet:-1, max-image-preview:large, max-video-preview:-1\" \/>\n<link rel=\"canonical\" href=\"https:\/\/langujobs.com\/fi\/tyoskentely-lissabonissa\/\" \/>\n<meta property=\"og:locale\" content=\"fi_FI\" \/>\n<meta property=\"og:type\" content=\"article\" \/>\n<meta property=\"og:title\" content=\"Ty\u00f6skentely Lissabonissa \u2013 palkka, asuminen ja el\u00e4m\u00e4 ulkomailla\" \/>\n<meta property=\"og:description\" content=\"Ty\u00f6skentely Lissabonissa: palkka, asuminen, verotus ja ty\u00f6markkinat. Katso miten l\u00f6yd\u00e4t ty\u00f6 Lissabonissa ja muutat Portugaliin.\" \/>\n<meta property=\"og:url\" content=\"https:\/\/langujobs.com\/fi\/tyoskentely-lissabonissa\/\" \/>\n<meta property=\"og:site_name\" content=\"Langujobs\" \/>\n<meta property=\"article:published_time\" content=\"2025-10-09T17:01:59+00:00\" \/>\n<meta property=\"article:modified_time\" content=\"2026-03-26T12:50:11+00:00\" \/>\n<meta property=\"og:image\" content=\"https:\/\/langujobs.com\/wp-content\/uploads\/2025\/10\/work-in-lisbon-scaled.jpg\" \/>\n\t<meta property=\"og:image:width\" content=\"2048\" \/>\n\t<meta property=\"og:image:height\" content=\"2560\" \/>\n\t<meta property=\"og:image:type\" content=\"image\/jpeg\" \/>\n<meta name=\"author\" content=\"Raud Skogh\" \/>\n<meta name=\"twitter:card\" content=\"summary_large_image\" \/>\n<meta name=\"twitter:label1\" content=\"Kirjoittanut\" \/>\n\t<meta name=\"twitter:data1\" content=\"Raud Skogh\" \/>\n\t<meta name=\"twitter:label2\" content=\"Arvioitu lukuaika\" \/>\n\t<meta name=\"twitter:data2\" content=\"4 minuutti\" \/>\n<script type=\"application\/ld+json\" class=\"yoast-schema-graph\">{\"@context\":\"https:\\\/\\\/schema.org\",\"@graph\":[{\"@type\":\"Article\",\"@id\":\"https:\\\/\\\/langujobs.com\\\/fi\\\/tyoskentely-lissabonissa\\\/#article\",\"isPartOf\":{\"@id\":\"https:\\\/\\\/langujobs.com\\\/fi\\\/tyoskentely-lissabonissa\\\/\"},\"author\":{\"name\":\"Raud Skogh\",\"@id\":\"https:\\\/\\\/langujobs.com\\\/fi\\\/#\\\/schema\\\/person\\\/9f81c5f0fc51b26bb9e983f5ad462388\"},\"headline\":\"Ty\u00f6skentely Lissabonissa \u2013 palkka, asuminen ja el\u00e4m\u00e4 ulkomailla\",\"datePublished\":\"2025-10-09T17:01:59+00:00\",\"dateModified\":\"2026-03-26T12:50:11+00:00\",\"mainEntityOfPage\":{\"@id\":\"https:\\\/\\\/langujobs.com\\\/fi\\\/tyoskentely-lissabonissa\\\/\"},\"wordCount\":765,\"publisher\":{\"@id\":\"https:\\\/\\\/langujobs.com\\\/fi\\\/#organization\"},\"image\":{\"@id\":\"https:\\\/\\\/langujobs.com\\\/fi\\\/tyoskentely-lissabonissa\\\/#primaryimage\"},\"thumbnailUrl\":\"https:\\\/\\\/langujobs.com\\\/wp-content\\\/uploads\\\/2025\\\/10\\\/work-in-lisbon-scaled.jpg\",\"articleSection\":[\"Lisbon\",\"Lissabon\",\"Portugal\",\"Portugali\"],\"inLanguage\":\"fi\"},{\"@type\":\"WebPage\",\"@id\":\"https:\\\/\\\/langujobs.com\\\/fi\\\/tyoskentely-lissabonissa\\\/\",\"url\":\"https:\\\/\\\/langujobs.com\\\/fi\\\/tyoskentely-lissabonissa\\\/\",\"name\":\"Ty\u00f6skentely Lissabonissa \u2013 palkka, asuminen ja el\u00e4m\u00e4 ulkomailla\",\"isPartOf\":{\"@id\":\"https:\\\/\\\/langujobs.com\\\/fi\\\/#website\"},\"primaryImageOfPage\":{\"@id\":\"https:\\\/\\\/langujobs.com\\\/fi\\\/tyoskentely-lissabonissa\\\/#primaryimage\"},\"image\":{\"@id\":\"https:\\\/\\\/langujobs.com\\\/fi\\\/tyoskentely-lissabonissa\\\/#primaryimage\"},\"thumbnailUrl\":\"https:\\\/\\\/langujobs.com\\\/wp-content\\\/uploads\\\/2025\\\/10\\\/work-in-lisbon-scaled.jpg\",\"datePublished\":\"2025-10-09T17:01:59+00:00\",\"dateModified\":\"2026-03-26T12:50:11+00:00\",\"description\":\"Ty\u00f6skentely Lissabonissa: palkka, asuminen, verotus ja ty\u00f6markkinat. Katso miten l\u00f6yd\u00e4t ty\u00f6 Lissabonissa ja muutat Portugaliin.\",\"breadcrumb\":{\"@id\":\"https:\\\/\\\/langujobs.com\\\/fi\\\/tyoskentely-lissabonissa\\\/#breadcrumb\"},\"inLanguage\":\"fi\",\"potentialAction\":[{\"@type\":\"ReadAction\",\"target\":[\"https:\\\/\\\/langujobs.com\\\/fi\\\/tyoskentely-lissabonissa\\\/\"]}]},{\"@type\":\"ImageObject\",\"inLanguage\":\"fi\",\"@id\":\"https:\\\/\\\/langujobs.com\\\/fi\\\/tyoskentely-lissabonissa\\\/#primaryimage\",\"url\":\"https:\\\/\\\/langujobs.com\\\/wp-content\\\/uploads\\\/2025\\\/10\\\/work-in-lisbon-scaled.jpg\",\"contentUrl\":\"https:\\\/\\\/langujobs.com\\\/wp-content\\\/uploads\\\/2025\\\/10\\\/work-in-lisbon-scaled.jpg\",\"width\":2048,\"height\":2560},{\"@type\":\"BreadcrumbList\",\"@id\":\"https:\\\/\\\/langujobs.com\\\/fi\\\/tyoskentely-lissabonissa\\\/#breadcrumb\",\"itemListElement\":[{\"@type\":\"ListItem\",\"position\":1,\"name\":\"Home\",\"item\":\"https:\\\/\\\/langujobs.com\\\/fi\\\/\"},{\"@type\":\"ListItem\",\"position\":2,\"name\":\"Ty\u00f6skentely Lissabonissa \u2013 palkka, asuminen ja el\u00e4m\u00e4 ulkomailla\"}]},{\"@type\":\"WebSite\",\"@id\":\"https:\\\/\\\/langujobs.com\\\/fi\\\/#website\",\"url\":\"https:\\\/\\\/langujobs.com\\\/fi\\\/\",\"name\":\"Langujobs\",\"description\":\"Find Your Dream Language Job Abroad\",\"publisher\":{\"@id\":\"https:\\\/\\\/langujobs.com\\\/fi\\\/#organization\"},\"potentialAction\":[{\"@type\":\"SearchAction\",\"target\":{\"@type\":\"EntryPoint\",\"urlTemplate\":\"https:\\\/\\\/langujobs.com\\\/fi\\\/?s={search_term_string}\"},\"query-input\":{\"@type\":\"PropertyValueSpecification\",\"valueRequired\":true,\"valueName\":\"search_term_string\"}}],\"inLanguage\":\"fi\"},{\"@type\":\"Organization\",\"@id\":\"https:\\\/\\\/langujobs.com\\\/fi\\\/#organization\",\"name\":\"Langujobs\",\"url\":\"https:\\\/\\\/langujobs.com\\\/fi\\\/\",\"logo\":{\"@type\":\"ImageObject\",\"inLanguage\":\"fi\",\"@id\":\"https:\\\/\\\/langujobs.com\\\/fi\\\/#\\\/schema\\\/logo\\\/image\\\/\",\"url\":\"https:\\\/\\\/langujobs.com\\\/wp-content\\\/uploads\\\/2025\\\/05\\\/langujobs-logo-full.png\",\"contentUrl\":\"https:\\\/\\\/langujobs.com\\\/wp-content\\\/uploads\\\/2025\\\/05\\\/langujobs-logo-full.png\",\"width\":540,\"height\":108,\"caption\":\"Langujobs\"},\"image\":{\"@id\":\"https:\\\/\\\/langujobs.com\\\/fi\\\/#\\\/schema\\\/logo\\\/image\\\/\"}},{\"@type\":\"Person\",\"@id\":\"https:\\\/\\\/langujobs.com\\\/fi\\\/#\\\/schema\\\/person\\\/9f81c5f0fc51b26bb9e983f5ad462388\",\"name\":\"Raud Skogh\",\"image\":{\"@type\":\"ImageObject\",\"inLanguage\":\"fi\",\"@id\":\"https:\\\/\\\/secure.gravatar.com\\\/avatar\\\/50aa0f1a5b4b206cb6e0b4c620ccc28e65f68e6bf5ea540f3b35929ea421d1d4?s=96&d=mm&r=g\",\"url\":\"https:\\\/\\\/secure.gravatar.com\\\/avatar\\\/50aa0f1a5b4b206cb6e0b4c620ccc28e65f68e6bf5ea540f3b35929ea421d1d4?s=96&d=mm&r=g\",\"contentUrl\":\"https:\\\/\\\/secure.gravatar.com\\\/avatar\\\/50aa0f1a5b4b206cb6e0b4c620ccc28e65f68e6bf5ea540f3b35929ea421d1d4?s=96&d=mm&r=g\",\"caption\":\"Raud Skogh\"}}]}<\/script>\n<!-- \/ Yoast SEO plugin. -->","yoast_head_json":{"title":"Ty\u00f6skentely Lissabonissa \u2013 palkka, asuminen ja el\u00e4m\u00e4 ulkomailla","description":"Ty\u00f6skentely Lissabonissa: palkka, asuminen, verotus ja ty\u00f6markkinat. Katso miten l\u00f6yd\u00e4t ty\u00f6 Lissabonissa ja muutat Portugaliin.","robots":{"index":"index","follow":"follow","max-snippet":"max-snippet:-1","max-image-preview":"max-image-preview:large","max-video-preview":"max-video-preview:-1"},"canonical":"https:\/\/langujobs.com\/fi\/tyoskentely-lissabonissa\/","og_locale":"fi_FI","og_type":"article","og_title":"Ty\u00f6skentely Lissabonissa \u2013 palkka, asuminen ja el\u00e4m\u00e4 ulkomailla","og_description":"Ty\u00f6skentely Lissabonissa: palkka, asuminen, verotus ja ty\u00f6markkinat. Katso miten l\u00f6yd\u00e4t ty\u00f6 Lissabonissa ja muutat Portugaliin.","og_url":"https:\/\/langujobs.com\/fi\/tyoskentely-lissabonissa\/","og_site_name":"Langujobs","article_published_time":"2025-10-09T17:01:59+00:00","article_modified_time":"2026-03-26T12:50:11+00:00","og_image":[{"width":2048,"height":2560,"url":"https:\/\/langujobs.com\/wp-content\/uploads\/2025\/10\/work-in-lisbon-scaled.jpg","type":"image\/jpeg"}],"author":"Raud Skogh","twitter_card":"summary_large_image","twitter_misc":{"Kirjoittanut":"Raud Skogh","Arvioitu lukuaika":"4 minuutti"},"schema":{"@context":"https:\/\/schema.org","@graph":[{"@type":"Article","@id":"https:\/\/langujobs.com\/fi\/tyoskentely-lissabonissa\/#article","isPartOf":{"@id":"https:\/\/langujobs.com\/fi\/tyoskentely-lissabonissa\/"},"author":{"name":"Raud Skogh","@id":"https:\/\/langujobs.com\/fi\/#\/schema\/person\/9f81c5f0fc51b26bb9e983f5ad462388"},"headline":"Ty\u00f6skentely Lissabonissa \u2013 palkka, asuminen ja el\u00e4m\u00e4 ulkomailla","datePublished":"2025-10-09T17:01:59+00:00","dateModified":"2026-03-26T12:50:11+00:00","mainEntityOfPage":{"@id":"https:\/\/langujobs.com\/fi\/tyoskentely-lissabonissa\/"},"wordCount":765,"publisher":{"@id":"https:\/\/langujobs.com\/fi\/#organization"},"image":{"@id":"https:\/\/langujobs.com\/fi\/tyoskentely-lissabonissa\/#primaryimage"},"thumbnailUrl":"https:\/\/langujobs.com\/wp-content\/uploads\/2025\/10\/work-in-lisbon-scaled.jpg","articleSection":["Lisbon","Lissabon","Portugal","Portugali"],"inLanguage":"fi"},{"@type":"WebPage","@id":"https:\/\/langujobs.com\/fi\/tyoskentely-lissabonissa\/","url":"https:\/\/langujobs.com\/fi\/tyoskentely-lissabonissa\/","name":"Ty\u00f6skentely Lissabonissa \u2013 palkka, asuminen ja el\u00e4m\u00e4 ulkomailla","isPartOf":{"@id":"https:\/\/langujobs.com\/fi\/#website"},"primaryImageOfPage":{"@id":"https:\/\/langujobs.com\/fi\/tyoskentely-lissabonissa\/#primaryimage"},"image":{"@id":"https:\/\/langujobs.com\/fi\/tyoskentely-lissabonissa\/#primaryimage"},"thumbnailUrl":"https:\/\/langujobs.com\/wp-content\/uploads\/2025\/10\/work-in-lisbon-scaled.jpg","datePublished":"2025-10-09T17:01:59+00:00","dateModified":"2026-03-26T12:50:11+00:00","description":"Ty\u00f6skentely Lissabonissa: palkka, asuminen, verotus ja ty\u00f6markkinat. Katso miten l\u00f6yd\u00e4t ty\u00f6 Lissabonissa ja muutat Portugaliin.","breadcrumb":{"@id":"https:\/\/langujobs.com\/fi\/tyoskentely-lissabonissa\/#breadcrumb"},"inLanguage":"fi","potentialAction":[{"@type":"ReadAction","target":["https:\/\/langujobs.com\/fi\/tyoskentely-lissabonissa\/"]}]},{"@type":"ImageObject","inLanguage":"fi","@id":"https:\/\/langujobs.com\/fi\/tyoskentely-lissabonissa\/#primaryimage","url":"https:\/\/langujobs.com\/wp-content\/uploads\/2025\/10\/work-in-lisbon-scaled.jpg","contentUrl":"https:\/\/langujobs.com\/wp-content\/uploads\/2025\/10\/work-in-lisbon-scaled.jpg","width":2048,"height":2560},{"@type":"BreadcrumbList","@id":"https:\/\/langujobs.com\/fi\/tyoskentely-lissabonissa\/#breadcrumb","itemListElement":[{"@type":"ListItem","position":1,"name":"Home","item":"https:\/\/langujobs.com\/fi\/"},{"@type":"ListItem","position":2,"name":"Ty\u00f6skentely Lissabonissa \u2013 palkka, asuminen ja el\u00e4m\u00e4 ulkomailla"}]},{"@type":"WebSite","@id":"https:\/\/langujobs.com\/fi\/#website","url":"https:\/\/langujobs.com\/fi\/","name":"Langujobs","description":"Find Your Dream Language Job Abroad","publisher":{"@id":"https:\/\/langujobs.com\/fi\/#organization"},"potentialAction":[{"@type":"SearchAction","target":{"@type":"EntryPoint","urlTemplate":"https:\/\/langujobs.com\/fi\/?s={search_term_string}"},"query-input":{"@type":"PropertyValueSpecification","valueRequired":true,"valueName":"search_term_string"}}],"inLanguage":"fi"},{"@type":"Organization","@id":"https:\/\/langujobs.com\/fi\/#organization","name":"Langujobs","url":"https:\/\/langujobs.com\/fi\/","logo":{"@type":"ImageObject","inLanguage":"fi","@id":"https:\/\/langujobs.com\/fi\/#\/schema\/logo\/image\/","url":"https:\/\/langujobs.com\/wp-content\/uploads\/2025\/05\/langujobs-logo-full.png","contentUrl":"https:\/\/langujobs.com\/wp-content\/uploads\/2025\/05\/langujobs-logo-full.png","width":540,"height":108,"caption":"Langujobs"},"image":{"@id":"https:\/\/langujobs.com\/fi\/#\/schema\/logo\/image\/"}},{"@type":"Person","@id":"https:\/\/langujobs.com\/fi\/#\/schema\/person\/9f81c5f0fc51b26bb9e983f5ad462388","name":"Raud Skogh","image":{"@type":"ImageObject","inLanguage":"fi","@id":"https:\/\/secure.gravatar.com\/avatar\/50aa0f1a5b4b206cb6e0b4c620ccc28e65f68e6bf5ea540f3b35929ea421d1d4?s=96&d=mm&r=g","url":"https:\/\/secure.gravatar.com\/avatar\/50aa0f1a5b4b206cb6e0b4c620ccc28e65f68e6bf5ea540f3b35929ea421d1d4?s=96&d=mm&r=g","contentUrl":"https:\/\/secure.gravatar.com\/avatar\/50aa0f1a5b4b206cb6e0b4c620ccc28e65f68e6bf5ea540f3b35929ea421d1d4?s=96&d=mm&r=g","caption":"Raud Skogh"}}]}},"_links":{"self":[{"href":"https:\/\/langujobs.com\/fi\/wp-json\/wp\/v2\/posts\/13573","targetHints":{"allow":["GET"]}}],"collection":[{"href":"https:\/\/langujobs.com\/fi\/wp-json\/wp\/v2\/posts"}],"about":[{"href":"https:\/\/langujobs.com\/fi\/wp-json\/wp\/v2\/types\/post"}],"author":[{"embeddable":true,"href":"https:\/\/langujobs.com\/fi\/wp-json\/wp\/v2\/users\/2"}],"replies":[{"embeddable":true,"href":"https:\/\/langujobs.com\/fi\/wp-json\/wp\/v2\/comments?post=13573"}],"version-history":[{"count":3,"href":"https:\/\/langujobs.com\/fi\/wp-json\/wp\/v2\/posts\/13573\/revisions"}],"predecessor-version":[{"id":20853,"href":"https:\/\/langujobs.com\/fi\/wp-json\/wp\/v2\/posts\/13573\/revisions\/20853"}],"wp:featuredmedia":[{"embeddable":true,"href":"https:\/\/langujobs.com\/fi\/wp-json\/wp\/v2\/media\/13572"}],"wp:attachment":[{"href":"https:\/\/langujobs.com\/fi\/wp-json\/wp\/v2\/media?parent=13573"}],"wp:term":[{"taxonomy":"category","embeddable":true,"href":"https:\/\/langujobs.com\/fi\/wp-json\/wp\/v2\/categories?post=13573"},{"taxonomy":"post_tag","embeddable":true,"href":"https:\/\/langujobs.com\/fi\/wp-json\/wp\/v2\/tags?post=13573"}],"curies":[{"name":"wp","href":"https:\/\/api.w.org\/{rel}","templated":true}]}}