{"id":15695,"date":"2025-10-06T18:15:21","date_gmt":"2025-10-06T16:15:21","guid":{"rendered":"https:\/\/langujobs.com\/?p=15695"},"modified":"2026-04-23T13:09:21","modified_gmt":"2026-04-23T11:09:21","slug":"tyoskentely-kreetalla","status":"publish","type":"post","link":"https:\/\/langujobs.com\/fi\/tyoskentely-kreetalla\/","title":{"rendered":"Ty\u00f6skentely Kreetalla \u2013 ty\u00f6, palkat, asuminen ja el\u00e4m\u00e4 ulkomailla"},"content":{"rendered":"\n<p class=\"wp-block-paragraph\">Ty\u00f6skentely Kreetalla houkuttelee monia suomalaisia, jotka haluavat ty\u00f6skennell\u00e4 ulkomailla aurinkoisella V\u00e4limeren saarella rennossa el\u00e4m\u00e4ntyyliss\u00e4, kasvavilla ty\u00f6markkinoilla ja vahvassa monikielisen osaamisen kysynn\u00e4ss\u00e4. Saari tarjoaa korkean el\u00e4m\u00e4nlaadun, modernit ty\u00f6paikat ja suhteellisen alhaiset elinkustannukset verrattuna moniin L\u00e4nsi-Euroopan kohteisiin.<\/p>\n\n\n\n<p class=\"wp-block-paragraph\">Kreeta on yksi Kreikan kansainv\u00e4lisimmist\u00e4 saarien ty\u00f6markkinoista, erityisesti matkailun, shared service center -keskusten, asiakaspalvelun ja digitaalisten alojen osalta. Jos haluat laajemman kuvan maan ty\u00f6markkinoista, voit lukea oppaamme <strong><a href=\"https:\/\/langujobs.com\/fi\/tyoskentely-kreikassa\/\">ty\u00f6skentely Kreikassa<\/a><\/strong>. Englanti toimii usein ty\u00f6kielen\u00e4 kansainv\u00e4lisiss\u00e4 yrityksiss\u00e4, erityisesti matkailu- ja hotellialalla, BPO-yrityksiss\u00e4 sek\u00e4 et\u00e4ty\u00f6rooleissa.<\/p>\n\n\n\n<p class=\"wp-block-paragraph\">Jos tavoitteesi on muuttaa ty\u00f6n per\u00e4ss\u00e4, nauttia auringosta ymp\u00e4ri vuoden ja hankkia kansainv\u00e4list\u00e4 ty\u00f6kokemusta rennossa saarimilj\u00f6\u00f6ss\u00e4, Kreeta on yksi Euroopan houkuttelevimmista kohteista.<\/p>\n\n\n\n<figure class=\"wp-block-image size-large\"><img fetchpriority=\"high\" decoding=\"async\" width=\"1024\" height=\"679\" src=\"https:\/\/langujobs.com\/wp-content\/uploads\/2025\/10\/marina-t-M3y16XQRl80-unsplash-1024x679.jpg\" alt=\"Arki ja ihmiset Kreetalla\" class=\"wp-image-8153\" srcset=\"https:\/\/langujobs.com\/wp-content\/uploads\/2025\/10\/marina-t-M3y16XQRl80-unsplash-1024x679.jpg 1024w, https:\/\/langujobs.com\/wp-content\/uploads\/2025\/10\/marina-t-M3y16XQRl80-unsplash-300x199.jpg 300w, https:\/\/langujobs.com\/wp-content\/uploads\/2025\/10\/marina-t-M3y16XQRl80-unsplash-768x509.jpg 768w, https:\/\/langujobs.com\/wp-content\/uploads\/2025\/10\/marina-t-M3y16XQRl80-unsplash-1536x1018.jpg 1536w, https:\/\/langujobs.com\/wp-content\/uploads\/2025\/10\/marina-t-M3y16XQRl80-unsplash-2048x1358.jpg 2048w, https:\/\/langujobs.com\/wp-content\/uploads\/2025\/10\/marina-t-M3y16XQRl80-unsplash-600x398.jpg 600w, https:\/\/langujobs.com\/wp-content\/uploads\/2025\/10\/marina-t-M3y16XQRl80-unsplash-1200x796.jpg 1200w\" sizes=\"(max-width: 768px) 100vw, 400px\" \/><\/figure>\n\n\n\n<hr class=\"wp-block-separator has-alpha-channel-opacity\"\/>\n\n\n\n<h2 class=\"wp-block-heading\">Ty\u00f6skentely Kreetalla ja ty\u00f6markkinat<\/h2>\n\n\n\n<p class=\"wp-block-paragraph\">Kreetan ty\u00f6markkinat ovat kansainv\u00e4liset ja palvelupainotteiset. Niit\u00e4 tukevat matkailu, ulkoistaminen, digitaaliset palvelut ja yrityspalvelut.<\/p>\n\n\n\n<p class=\"wp-block-paragraph\">Suurin osa kansainv\u00e4lisist\u00e4 ty\u00f6mahdollisuuksista sijaitsee kaupungeissa:<\/p>\n\n\n\n<ul class=\"wp-block-list\">\n<li>Heraklion<\/li>\n\n\n\n<li>Chania<\/li>\n\n\n\n<li>Rethymno<\/li>\n\n\n\n<li>Agios Nikolaos<\/li>\n\n\n\n<li>Hersonissos<\/li>\n<\/ul>\n\n\n\n<p class=\"wp-block-paragraph\">Ty\u00f6voiman kysynt\u00e4 on erityisen suurta aloilla:<\/p>\n\n\n\n<ul class=\"wp-block-list\">\n<li>matkailu ja hotelliala<\/li>\n\n\n\n<li>shared service center -keskukset ja BPO<\/li>\n\n\n\n<li>asiakaspalvelu kansainv\u00e4lisille markkinoille<\/li>\n\n\n\n<li>digitaalinen markkinointi<\/li>\n\n\n\n<li>sis\u00e4ll\u00f6n moderointi ja trust &amp; safety<\/li>\n\n\n\n<li>myynti ja liiketoiminnan kehitys<\/li>\n\n\n\n<li>et\u00e4- ja hybridi-teknologiaroolit<\/li>\n<\/ul>\n\n\n\n<p class=\"wp-block-paragraph\">Monet kansainv\u00e4liset yritykset yll\u00e4pit\u00e4v\u00e4t palvelukeskuksia tai toimistoja Kreetalla ja palkkaavat monikielist\u00e4 henkil\u00f6st\u00f6\u00e4 palvelemaan eurooppalaisia asiakkaita. Englanti on usein p\u00e4\u00e4asiallinen ty\u00f6kieli n\u00e4iss\u00e4 teht\u00e4viss\u00e4, ja muiden eurooppalaisten kielten osaaminen on suuri etu.<\/p>\n\n\n\n<p class=\"wp-block-paragraph\">Hakijoilla, joilla on kielitaitoa, asiakaspalvelukokemusta ja kansainv\u00e4list\u00e4 taustaa, on yleens\u00e4 parhaat mahdollisuudet l\u00f6yt\u00e4\u00e4 ty\u00f6 nopeasti.<\/p>\n\n\n\n<hr class=\"wp-block-separator has-alpha-channel-opacity\"\/>\n\n\n\n<figure class=\"wp-block-image size-large\"><img decoding=\"async\" width=\"1024\" height=\"683\" src=\"https:\/\/langujobs.com\/wp-content\/uploads\/2025\/10\/matthieu-oger-VbqBM3D-gzE-unsplash-1024x683.jpg\" alt=\"Viihtyis\u00e4 kahvila Kreetalla\" class=\"wp-image-8154\" srcset=\"https:\/\/langujobs.com\/wp-content\/uploads\/2025\/10\/matthieu-oger-VbqBM3D-gzE-unsplash-1024x683.jpg 1024w, https:\/\/langujobs.com\/wp-content\/uploads\/2025\/10\/matthieu-oger-VbqBM3D-gzE-unsplash-300x200.jpg 300w, https:\/\/langujobs.com\/wp-content\/uploads\/2025\/10\/matthieu-oger-VbqBM3D-gzE-unsplash-768x512.jpg 768w, https:\/\/langujobs.com\/wp-content\/uploads\/2025\/10\/matthieu-oger-VbqBM3D-gzE-unsplash-1536x1024.jpg 1536w, https:\/\/langujobs.com\/wp-content\/uploads\/2025\/10\/matthieu-oger-VbqBM3D-gzE-unsplash-2048x1365.jpg 2048w, https:\/\/langujobs.com\/wp-content\/uploads\/2025\/10\/matthieu-oger-VbqBM3D-gzE-unsplash-600x400.jpg 600w, https:\/\/langujobs.com\/wp-content\/uploads\/2025\/10\/matthieu-oger-VbqBM3D-gzE-unsplash-1200x800.jpg 1200w\" sizes=\"(max-width: 768px) 100vw, 400px\" \/><\/figure>\n\n\n\n<hr class=\"wp-block-separator has-alpha-channel-opacity\"\/>\n\n\n\n<h2 class=\"wp-block-heading\">Yleiset ty\u00f6paikat suomalaisille Kreetalla<\/h2>\n\n\n\n<p class=\"wp-block-paragraph\">Suomalaiset, jotka muuttavat Kreetalle, l\u00f6yt\u00e4v\u00e4t usein t\u00f6it\u00e4 teht\u00e4viss\u00e4, joissa kielitaito, asiakaspalvelukokemus tai kokemus kansainv\u00e4lisist\u00e4 ty\u00f6ymp\u00e4rist\u00f6ist\u00e4 on arvokasta.<\/p>\n\n\n\n<p class=\"wp-block-paragraph\">Yleisimpi\u00e4 ty\u00f6paikkoja ovat esimerkiksi:<\/p>\n\n\n\n<ul class=\"wp-block-list\">\n<li>asiakaspalvelijat kansainv\u00e4lisille markkinoille<\/li>\n\n\n\n<li>hotellien ja lomakeskusten ty\u00f6ntekij\u00e4t<\/li>\n\n\n\n<li>sis\u00e4ll\u00f6n moderaattorit ja trust &amp; safety -teht\u00e4v\u00e4t<\/li>\n\n\n\n<li>shared service center -asiantuntijat<\/li>\n\n\n\n<li>digitaalisen markkinoinnin asiantuntijat<\/li>\n\n\n\n<li>myyntiedustajat ja account managerit<\/li>\n\n\n\n<li>IT- ja teknologia-ammattilaiset et\u00e4ty\u00f6ss\u00e4<\/li>\n<\/ul>\n\n\n\n<p class=\"wp-block-paragraph\">Monet asiakaspalvelun ja matkailun aloitustason teht\u00e4v\u00e4t eiv\u00e4t vaadi aiempaa kokemusta, erityisesti jos puhut yht\u00e4 tai useampaa eurooppalaista kielt\u00e4. Matkailualan ty\u00f6paikkoja on paljon, mutta ne ovat usein kausiluonteisia.<\/p>\n\n\n\n<hr class=\"wp-block-separator has-alpha-channel-opacity\"\/>\n\n\n\n<h2 class=\"wp-block-heading\">Palkat Kreetalla \u2013 paljonko voi ansaita?<\/h2>\n\n\n\n<p class=\"wp-block-paragraph\">Palkat Kreetalla ovat alhaisempia kuin Pohjois-Euroopassa, mutta suhteellisen hyvi\u00e4 paikallisiin elinkustannuksiin n\u00e4hden.<\/p>\n\n\n\n<p class=\"wp-block-paragraph\">Tyypilliset kuukausittaiset bruttopalkat:<\/p>\n\n\n\n<ul class=\"wp-block-list\">\n<li>Asiakaspalvelu \/ support: \u20ac1,200\u2013\u20ac1,800<\/li>\n\n\n\n<li>Matkailu ja hotelliala: \u20ac1,100\u2013\u20ac1,700<\/li>\n\n\n\n<li>Shared service center -keskukset: \u20ac1,300\u2013\u20ac2,100<\/li>\n\n\n\n<li>Digitaalinen markkinointi: \u20ac1,600\u2013\u20ac2,800<\/li>\n\n\n\n<li>Sis\u00e4ll\u00f6n moderointi: \u20ac1,200\u2013\u20ac1,900<\/li>\n\n\n\n<li>Et\u00e4-IT-ty\u00f6t: \u20ac2,400\u2013\u20ac4,800+<\/li>\n<\/ul>\n\n\n\n<p class=\"wp-block-paragraph\">Monet ty\u00f6nantajat tarjoavat my\u00f6s etuja, kuten:<\/p>\n\n\n\n<ul class=\"wp-block-list\">\n<li>tulospalkkiot<\/li>\n\n\n\n<li>lounassetelit<\/li>\n\n\n\n<li>yksityinen sairausvakuutus<\/li>\n\n\n\n<li>relocation-paketit ulkomaisille ty\u00f6ntekij\u00f6ille<\/li>\n\n\n\n<li>joustavat ty\u00f6ajat<\/li>\n<\/ul>\n\n\n\n<p class=\"wp-block-paragraph\">Edullisempi vuokra ja p\u00e4ivitt\u00e4iset elinkustannukset auttavat tasapainottamaan matalampia palkkoja.<\/p>\n\n\n\n<hr class=\"wp-block-separator has-alpha-channel-opacity\"\/>\n\n\n\n<h2 class=\"wp-block-heading\">Rekrytointi Kreetalla<\/h2>\n\n\n\n<p class=\"wp-block-paragraph\">Suurin osa kansainv\u00e4lisest\u00e4 rekrytoinnista tapahtuu:<\/p>\n\n\n\n<ul class=\"wp-block-list\">\n<li>monikansallisten ulkoistusyritysten kautta<\/li>\n\n\n\n<li>matkailu- ja hotellialan ty\u00f6nantajien kautta<\/li>\n\n\n\n<li>rekrytointiyritysten kautta, jotka keskittyv\u00e4t monikieliseen osaamiseen<\/li>\n\n\n\n<li>yritysten sis\u00e4isten HR-tiimien kautta<\/li>\n<\/ul>\n\n\n\n<p class=\"wp-block-paragraph\">Monissa teht\u00e4viss\u00e4, erityisesti asiakaspalvelussa ja shared service center -rooleissa, yritykset hyv\u00e4ksyv\u00e4t hakijoita ulkomailta, jotka muuttavat saarelle ty\u00f6tarjouksen saatuaan.<\/p>\n\n\n\n<p class=\"wp-block-paragraph\">Tyypillinen rekrytointiprosessi sis\u00e4lt\u00e4\u00e4:<\/p>\n\n\n\n<ul class=\"wp-block-list\">\n<li>verkkohakemus ja CV-seulonta<\/li>\n\n\n\n<li>yksi tai useampi videoty\u00f6haastattelu<\/li>\n\n\n\n<li>kieli- tai taitotestit joissakin teht\u00e4viss\u00e4<\/li>\n\n\n\n<li>kirjallinen ty\u00f6tarjous ja ty\u00f6sopimus<\/li>\n<\/ul>\n\n\n\n<p class=\"wp-block-paragraph\">Relocation-tuki on yleist\u00e4 ja voi sis\u00e4lt\u00e4\u00e4 apua asumiseen, rekister\u00f6intiin, verotukseen tai alkuvaiheen kustannuksiin.<\/p>\n\n\n\n<hr class=\"wp-block-separator has-alpha-channel-opacity\"\/>\n\n\n\n<h2 class=\"wp-block-heading\">Verotus ja ty\u00f6olosuhteet Kreetalla<\/h2>\n\n\n\n<p class=\"wp-block-paragraph\">Kreikassa on s\u00e4\u00e4dellyt ty\u00f6ajat, palkallinen vuosiloma ja selke\u00e4t ty\u00f6sopimukset. Ty\u00f6olosuhteet ovat yleens\u00e4 hyv\u00e4t, erityisesti kansainv\u00e4lisiss\u00e4 yrityksiss\u00e4.<\/p>\n\n\n\n<p class=\"wp-block-paragraph\">Tulovero on suhteellisen korkea verrattuna joihinkin EU-maihin. Ty\u00f6ntekij\u00e4t maksavat my\u00f6s sosiaaliturvamaksuja, joilla rahoitetaan julkista terveydenhuoltoa ja el\u00e4kkeit\u00e4.<\/p>\n\n\n\n<p class=\"wp-block-paragraph\">Viralliset verotiedot l\u00f6ytyv\u00e4t Greek Independent Authority for Public Revenue -sivustolta:<br><a href=\"https:\/\/www.aade.gr\">https:\/\/www.aade.gr<\/a><\/p>\n\n\n\n<hr class=\"wp-block-separator has-alpha-channel-opacity\"\/>\n\n\n\n<figure class=\"wp-block-image size-large\"><img decoding=\"async\" width=\"1024\" height=\"683\" src=\"https:\/\/langujobs.com\/wp-content\/uploads\/2025\/10\/daan-huttinga-v6rDg-w74UM-unsplash-1024x683.jpg\" alt=\"Ihmisi\u00e4 matkalla t\u00f6ihin Kreetalla\" class=\"wp-image-8155\" srcset=\"https:\/\/langujobs.com\/wp-content\/uploads\/2025\/10\/daan-huttinga-v6rDg-w74UM-unsplash-1024x683.jpg 1024w, https:\/\/langujobs.com\/wp-content\/uploads\/2025\/10\/daan-huttinga-v6rDg-w74UM-unsplash-300x200.jpg 300w, https:\/\/langujobs.com\/wp-content\/uploads\/2025\/10\/daan-huttinga-v6rDg-w74UM-unsplash-768x512.jpg 768w, https:\/\/langujobs.com\/wp-content\/uploads\/2025\/10\/daan-huttinga-v6rDg-w74UM-unsplash-1536x1024.jpg 1536w, https:\/\/langujobs.com\/wp-content\/uploads\/2025\/10\/daan-huttinga-v6rDg-w74UM-unsplash-2048x1365.jpg 2048w, https:\/\/langujobs.com\/wp-content\/uploads\/2025\/10\/daan-huttinga-v6rDg-w74UM-unsplash-600x400.jpg 600w, https:\/\/langujobs.com\/wp-content\/uploads\/2025\/10\/daan-huttinga-v6rDg-w74UM-unsplash-1200x800.jpg 1200w\" sizes=\"(max-width: 768px) 100vw, 400px\" \/><\/figure>\n\n\n\n<hr class=\"wp-block-separator has-alpha-channel-opacity\"\/>\n\n\n\n<h2 class=\"wp-block-heading\">Muutto Kreetalle ty\u00f6n per\u00e4ss\u00e4<\/h2>\n\n\n\n<p class=\"wp-block-paragraph\">EU- ja ETA-kansalaiset voivat asua ja ty\u00f6skennell\u00e4 Kreikassa ilman ty\u00f6lupaa. EU:n ulkopuoliset kansalaiset tarvitsevat yleens\u00e4 oleskelu- ja ty\u00f6luvan kansalaisuudesta ja ty\u00f6tarjouksesta riippuen.<\/p>\n\n\n\n<p class=\"wp-block-paragraph\">Viralliset tiedot oleskelusta ja ty\u00f6luvasta l\u00f6ytyv\u00e4t Greek Ministry of Migration and Asylum -sivustolta:<br><a href=\"https:\/\/migration.gov.gr\">https:\/\/migration.gov.gr<\/a><\/p>\n\n\n\n<p class=\"wp-block-paragraph\">Yleiset julkiset palvelut ja rekister\u00f6intiohjeet l\u00f6ytyv\u00e4t Kreikan valtion portaalista:<br><a href=\"https:\/\/www.gov.gr\">https:\/\/www.gov.gr<\/a><\/p>\n\n\n\n<p class=\"wp-block-paragraph\">Jos aiot asua maassa pidemp\u00e4\u00e4n, sinun on rekister\u00f6it\u00e4v\u00e4 osoitteesi ja hankittava veronumero (AFM), jota tarvitaan ty\u00f6h\u00f6n, verotukseen, pankkiasioihin ja julkisiin palveluihin.<\/p>\n\n\n\n<hr class=\"wp-block-separator has-alpha-channel-opacity\"\/>\n\n\n\n<h2 class=\"wp-block-heading\">Asuminen Kreetalla<\/h2>\n\n\n\n<p class=\"wp-block-paragraph\">Asuminen Kreetalla on suhteellisen edullista verrattuna moniin L\u00e4nsi-Euroopan kohteisiin, vaikka vuokrat ovat nousseet suosituilla rannikkoalueilla.<\/p>\n\n\n\n<p class=\"wp-block-paragraph\">Monet muuttajat aloittavat kimppak\u00e4mp\u00e4st\u00e4 tai lyhytaikaisesta vuokrauksesta etsiess\u00e4\u00e4n pitk\u00e4aikaista asuntoa.<\/p>\n\n\n\n<p class=\"wp-block-paragraph\">Yhden makuuhuoneen asunnon kuukausivuokra alkaa yleens\u00e4 noin \u20ac600\u2013\u20ac1,100 alueesta riippuen. Yhden tai kahden kuukauden vuokravakuus on yleinen.<\/p>\n\n\n\n<hr class=\"wp-block-separator has-alpha-channel-opacity\"\/>\n\n\n\n<h2 class=\"wp-block-heading\">El\u00e4m\u00e4 ja ty\u00f6 Kreetalla<\/h2>\n\n\n\n<p class=\"wp-block-paragraph\">Kreeta tarjoaa korkean el\u00e4m\u00e4nlaadun, l\u00e4mpim\u00e4n ilmaston ja rennon saariel\u00e4m\u00e4n.<\/p>\n\n\n\n<p class=\"wp-block-paragraph\">Monet arvostavat ymp\u00e4rivuotista auringonpaistetta, rantoja ja yst\u00e4v\u00e4llist\u00e4 ilmapiiri\u00e4.<\/p>\n\n\n\n<p class=\"wp-block-paragraph\">Saarella on vahva kansainv\u00e4linen yhteis\u00f6 sek\u00e4 paljon diginomadeja.<\/p>\n\n\n\n<hr class=\"wp-block-separator has-alpha-channel-opacity\"\/>\n\n\n\n<h2 class=\"wp-block-heading\">Liikkuminen Kreetalla<\/h2>\n\n\n\n<p class=\"wp-block-paragraph\">Julkinen liikenne toimii suurimmissa kaupungeissa.<\/p>\n\n\n\n<p class=\"wp-block-paragraph\">Kaupunkien ulkopuolella auto on usein k\u00e4ytetyin liikkumistapa.<\/p>\n\n\n\n<p class=\"wp-block-paragraph\">Saari on hyvin yhteydess\u00e4 Manner-Kreikkaan ja Eurooppaan lentojen ja lauttayhteyksien kautta.<\/p>\n\n\n\n<hr class=\"wp-block-separator has-alpha-channel-opacity\"\/>\n\n\n\n<figure class=\"wp-block-image size-large\"><img loading=\"lazy\" decoding=\"async\" width=\"1024\" height=\"768\" src=\"https:\/\/langujobs.com\/wp-content\/uploads\/2025\/10\/joshua-kettle-sKOBxEb6E-E-unsplash-1024x768.jpg\" alt=\"Kaunis maisema Kreetalla\" class=\"wp-image-8152\" srcset=\"https:\/\/langujobs.com\/wp-content\/uploads\/2025\/10\/joshua-kettle-sKOBxEb6E-E-unsplash-1024x768.jpg 1024w, https:\/\/langujobs.com\/wp-content\/uploads\/2025\/10\/joshua-kettle-sKOBxEb6E-E-unsplash-300x225.jpg 300w, https:\/\/langujobs.com\/wp-content\/uploads\/2025\/10\/joshua-kettle-sKOBxEb6E-E-unsplash-768x576.jpg 768w, https:\/\/langujobs.com\/wp-content\/uploads\/2025\/10\/joshua-kettle-sKOBxEb6E-E-unsplash-1536x1152.jpg 1536w, https:\/\/langujobs.com\/wp-content\/uploads\/2025\/10\/joshua-kettle-sKOBxEb6E-E-unsplash-2048x1536.jpg 2048w, https:\/\/langujobs.com\/wp-content\/uploads\/2025\/10\/joshua-kettle-sKOBxEb6E-E-unsplash-600x450.jpg 600w, https:\/\/langujobs.com\/wp-content\/uploads\/2025\/10\/joshua-kettle-sKOBxEb6E-E-unsplash-1200x900.jpg 1200w\" sizes=\"(max-width: 768px) 100vw, 400px\" \/><\/figure>\n\n\n\n<hr class=\"wp-block-separator has-alpha-channel-opacity\"\/>\n\n\n\n<h2 class=\"wp-block-heading\">Ty\u00f6skentelyn edut ja haitat Kreetalla<\/h2>\n\n\n\n<h3 class=\"wp-block-heading\">Edut<\/h3>\n\n\n\n<ul class=\"wp-block-list\">\n<li>l\u00e4mmin ilmasto ymp\u00e4ri vuoden<\/li>\n\n\n\n<li>korkea el\u00e4m\u00e4nlaatu<\/li>\n\n\n\n<li>rento el\u00e4m\u00e4ntyyli<\/li>\n\n\n\n<li>suhteellisen alhaiset elinkustannukset<\/li>\n\n\n\n<li>kansainv\u00e4liset ty\u00f6markkinat<\/li>\n<\/ul>\n\n\n\n<h3 class=\"wp-block-heading\">Haitat<\/h3>\n\n\n\n<ul class=\"wp-block-list\">\n<li>alhaisemmat palkat kuin Pohjois-Euroopassa<\/li>\n\n\n\n<li>kausiluonteinen ty\u00f6markkina matkailussa<\/li>\n\n\n\n<li>rajalliset ty\u00f6mahdollisuudet<\/li>\n\n\n\n<li>maantieteellinen eristyneisyys<\/li>\n\n\n\n<li>rajalliset uramahdollisuudet kansainv\u00e4listen alojen ulkopuolella<\/li>\n<\/ul>\n\n\n\n<hr class=\"wp-block-separator has-alpha-channel-opacity\"\/>\n\n\n\n<h2 class=\"wp-block-heading\">Kaupungit ja alueet Kreikassa, joissa on ty\u00f6tarjontaa<\/h2>\n\n\n\n<p class=\"wp-block-paragraph\">Monet Kreikassa ty\u00f6skentely\u00e4 harkitsevat valitsevat paikkoja, joissa on enemm\u00e4n ty\u00f6mahdollisuuksia, suurempia yrityksi\u00e4 ja paremmat n\u00e4kym\u00e4t ty\u00f6markkinoilla. Ateena on t\u00e4rkein keskus, mutta mahdollisuuksia l\u00f6ytyy my\u00f6s muualta maasta.<\/p>\n\n\n\n<ul class=\"wp-block-list\">\n<li><strong><a href=\"https:\/\/langujobs.com\/fi\/tyoskentely-ateenassa\/\">Ty\u00f6skentely Ateenassa<\/a><\/strong><\/li>\n\n\n\n<li><strong>Ty\u00f6skentely Thessalonikissa<\/strong><\/li>\n<\/ul>\n\n\n\n<hr class=\"wp-block-separator has-alpha-channel-opacity\"\/>\n\n\n\n<h2 class=\"wp-block-heading\">FAQ \u2013 ty\u00f6 Kreetalla<\/h2>\n\n\n\n<p class=\"wp-block-paragraph\"><strong>Onko helppo l\u00f6yt\u00e4\u00e4 t\u00f6it\u00e4 Kreetalla?<\/strong><br>Se voi olla mahdollista erityisesti asiakaspalvelussa, shared service center -keskuksissa, matkailussa ja sis\u00e4ll\u00f6n moderoinnissa. Kreetalla on pieni mutta kansainv\u00e4linen ty\u00f6markkina, jossa on kysynt\u00e4\u00e4 monikieliselle ty\u00f6voimalle.<\/p>\n\n\n\n<p class=\"wp-block-paragraph\"><strong>Pit\u00e4\u00e4k\u00f6 osata kreikkaa?<\/strong><br>Ei aina. Englanti riitt\u00e4\u00e4 moniin kansainv\u00e4lisiin ty\u00f6paikkoihin, erityisesti BPO- ja asiakaspalvelurooleihin. Kreikan kieli on kuitenkin hy\u00f6dyllinen arjessa ja pitk\u00e4n aikav\u00e4lin integroitumisessa.<\/p>\n\n\n\n<p class=\"wp-block-paragraph\"><strong>Tarvitaanko ty\u00f6lupa?<\/strong><br>EU- ja ETA-kansalaiset eiv\u00e4t tarvitse ty\u00f6lupaa ty\u00f6skennell\u00e4kseen Kreikassa. EU:n ulkopuoliset kansalaiset tarvitsevat yleens\u00e4 oleskelu- ja ty\u00f6luvan.<\/p>\n\n\n\n<p class=\"wp-block-paragraph\"><strong>Onko Kreeta kallis?<\/strong><br>Ei. Elinkustannukset ovat alhaiset tai kohtalaiset verrattuna moniin L\u00e4nsi-Euroopan kohteisiin, vaikka vuokrat ovat nousseet joillakin suosituilla alueilla.<\/p>\n\n\n\n<hr class=\"wp-block-separator has-alpha-channel-opacity\"\/>\n\n\n\n<h2 class=\"wp-block-heading\">Yhteenveto \u2013 onko Kreeta sinulle sopiva?<\/h2>\n\n\n\n<p class=\"wp-block-paragraph\">Kreeta on hyv\u00e4 valinta, jos haluat kansainv\u00e4list\u00e4 ty\u00f6kokemusta, el\u00e4\u00e4 aurinkoisella V\u00e4limeren saarella ja nauttia suhteellisen alhaisista elinkustannuksista. Vaikka palkat ovat alhaisempia kuin Pohjois-Euroopassa ja ty\u00f6markkina on pienempi, ilmasto, el\u00e4m\u00e4ntyyli ja monikielisen ty\u00f6voiman kysynt\u00e4 tekev\u00e4t Kreetasta houkuttelevan kohteen ulkomailla ty\u00f6skentelyyn.<\/p>\n\n\n\n<p class=\"wp-block-paragraph\">Jos haluat vertailla kohteita, voit lukea lis\u00e4\u00e4 <strong><a href=\"https:\/\/langujobs.com\/fi\/\">ty\u00f6 ulkomailla<\/a><\/strong>. Valmis seuraavaan askeleeseen? Katso <strong><a href=\"https:\/\/langujobs.com\/fi\/tyopaikat\/\">avoimet ty\u00f6paikat<\/a><\/strong> ja l\u00f6yd\u00e4 uusia mahdollisuuksia.<\/p>\n","protected":false},"excerpt":{"rendered":"<p>Ty\u00f6skentely Kreetalla houkuttelee monia suomalaisia, jotka haluavat ty\u00f6skennell\u00e4 ulkomailla aurinkoisella V\u00e4limeren saarella rennossa el\u00e4m\u00e4ntyyliss\u00e4, kasvavilla ty\u00f6markkinoilla ja vahvassa monikielisen osaamisen kysynn\u00e4ss\u00e4. Saari tarjoaa korkean el\u00e4m\u00e4nlaadun, modernit ty\u00f6paikat ja suhteellisen alhaiset&#8230;<\/p>\n","protected":false},"author":2,"featured_media":15694,"comment_status":"closed","ping_status":"closed","sticky":false,"template":"","format":"standard","meta":{"footnotes":""},"categories":[575,468],"tags":[],"class_list":["post-15695","post","type-post","status-publish","format-standard","has-post-thumbnail","hentry","category-kreeta","category-kreikka"],"yoast_head":"<!-- This site is optimized with the Yoast SEO plugin v27.3 - https:\/\/yoast.com\/product\/yoast-seo-wordpress\/ -->\n<title>Ty\u00f6skentely Kreetalla \u2013 ty\u00f6, palkat ja asuminen<\/title>\n<meta name=\"description\" content=\"Ty\u00f6skentely Kreetalla \u2013 ty\u00f6, palkat ja asuminen. Katso ty\u00f6mahdollisuudet matkailussa, asiakaspalvelussa ja kansainv\u00e4lisiss\u00e4 yrityksiss\u00e4.\" \/>\n<meta name=\"robots\" content=\"index, follow, max-snippet:-1, max-image-preview:large, max-video-preview:-1\" \/>\n<link rel=\"canonical\" href=\"https:\/\/langujobs.com\/fi\/tyoskentely-kreetalla\/\" \/>\n<meta property=\"og:locale\" content=\"fi_FI\" \/>\n<meta property=\"og:type\" content=\"article\" \/>\n<meta property=\"og:title\" content=\"Ty\u00f6skentely Kreetalla \u2013 ty\u00f6, palkat ja asuminen\" \/>\n<meta property=\"og:description\" content=\"Ty\u00f6skentely Kreetalla \u2013 ty\u00f6, palkat ja asuminen. Katso ty\u00f6mahdollisuudet matkailussa, asiakaspalvelussa ja kansainv\u00e4lisiss\u00e4 yrityksiss\u00e4.\" \/>\n<meta property=\"og:url\" content=\"https:\/\/langujobs.com\/fi\/tyoskentely-kreetalla\/\" \/>\n<meta property=\"og:site_name\" content=\"Langujobs\" \/>\n<meta property=\"article:published_time\" content=\"2025-10-06T16:15:21+00:00\" \/>\n<meta property=\"article:modified_time\" content=\"2026-04-23T11:09:21+00:00\" \/>\n<meta property=\"og:image\" content=\"https:\/\/langujobs.com\/wp-content\/uploads\/2025\/10\/Working-in-Crete-1.webp\" \/>\n\t<meta property=\"og:image:width\" content=\"1536\" \/>\n\t<meta property=\"og:image:height\" content=\"864\" \/>\n\t<meta property=\"og:image:type\" content=\"image\/webp\" \/>\n<meta name=\"author\" content=\"Raud Skogh\" \/>\n<meta name=\"twitter:card\" content=\"summary_large_image\" \/>\n<meta name=\"twitter:label1\" content=\"Kirjoittanut\" \/>\n\t<meta name=\"twitter:data1\" content=\"Raud Skogh\" \/>\n\t<meta name=\"twitter:label2\" content=\"Arvioitu lukuaika\" \/>\n\t<meta name=\"twitter:data2\" content=\"5 minuutti\" \/>\n<script type=\"application\/ld+json\" class=\"yoast-schema-graph\">{\"@context\":\"https:\\\/\\\/schema.org\",\"@graph\":[{\"@type\":\"Article\",\"@id\":\"https:\\\/\\\/langujobs.com\\\/fi\\\/tyoskentely-kreetalla\\\/#article\",\"isPartOf\":{\"@id\":\"https:\\\/\\\/langujobs.com\\\/fi\\\/tyoskentely-kreetalla\\\/\"},\"author\":{\"name\":\"Raud Skogh\",\"@id\":\"https:\\\/\\\/langujobs.com\\\/fi\\\/#\\\/schema\\\/person\\\/9f81c5f0fc51b26bb9e983f5ad462388\"},\"headline\":\"Ty\u00f6skentely Kreetalla \u2013 ty\u00f6, palkat, asuminen ja el\u00e4m\u00e4 ulkomailla\",\"datePublished\":\"2025-10-06T16:15:21+00:00\",\"dateModified\":\"2026-04-23T11:09:21+00:00\",\"mainEntityOfPage\":{\"@id\":\"https:\\\/\\\/langujobs.com\\\/fi\\\/tyoskentely-kreetalla\\\/\"},\"wordCount\":1090,\"publisher\":{\"@id\":\"https:\\\/\\\/langujobs.com\\\/fi\\\/#organization\"},\"image\":{\"@id\":\"https:\\\/\\\/langujobs.com\\\/fi\\\/tyoskentely-kreetalla\\\/#primaryimage\"},\"thumbnailUrl\":\"https:\\\/\\\/langujobs.com\\\/wp-content\\\/uploads\\\/2025\\\/10\\\/Working-in-Crete-1.webp\",\"articleSection\":[\"Kreeta\",\"Kreikka\"],\"inLanguage\":\"fi\"},{\"@type\":\"WebPage\",\"@id\":\"https:\\\/\\\/langujobs.com\\\/fi\\\/tyoskentely-kreetalla\\\/\",\"url\":\"https:\\\/\\\/langujobs.com\\\/fi\\\/tyoskentely-kreetalla\\\/\",\"name\":\"Ty\u00f6skentely Kreetalla \u2013 ty\u00f6, palkat ja asuminen\",\"isPartOf\":{\"@id\":\"https:\\\/\\\/langujobs.com\\\/fi\\\/#website\"},\"primaryImageOfPage\":{\"@id\":\"https:\\\/\\\/langujobs.com\\\/fi\\\/tyoskentely-kreetalla\\\/#primaryimage\"},\"image\":{\"@id\":\"https:\\\/\\\/langujobs.com\\\/fi\\\/tyoskentely-kreetalla\\\/#primaryimage\"},\"thumbnailUrl\":\"https:\\\/\\\/langujobs.com\\\/wp-content\\\/uploads\\\/2025\\\/10\\\/Working-in-Crete-1.webp\",\"datePublished\":\"2025-10-06T16:15:21+00:00\",\"dateModified\":\"2026-04-23T11:09:21+00:00\",\"description\":\"Ty\u00f6skentely Kreetalla \u2013 ty\u00f6, palkat ja asuminen. Katso ty\u00f6mahdollisuudet matkailussa, asiakaspalvelussa ja kansainv\u00e4lisiss\u00e4 yrityksiss\u00e4.\",\"breadcrumb\":{\"@id\":\"https:\\\/\\\/langujobs.com\\\/fi\\\/tyoskentely-kreetalla\\\/#breadcrumb\"},\"inLanguage\":\"fi\",\"potentialAction\":[{\"@type\":\"ReadAction\",\"target\":[\"https:\\\/\\\/langujobs.com\\\/fi\\\/tyoskentely-kreetalla\\\/\"]}]},{\"@type\":\"ImageObject\",\"inLanguage\":\"fi\",\"@id\":\"https:\\\/\\\/langujobs.com\\\/fi\\\/tyoskentely-kreetalla\\\/#primaryimage\",\"url\":\"https:\\\/\\\/langujobs.com\\\/wp-content\\\/uploads\\\/2025\\\/10\\\/Working-in-Crete-1.webp\",\"contentUrl\":\"https:\\\/\\\/langujobs.com\\\/wp-content\\\/uploads\\\/2025\\\/10\\\/Working-in-Crete-1.webp\",\"width\":1536,\"height\":864},{\"@type\":\"BreadcrumbList\",\"@id\":\"https:\\\/\\\/langujobs.com\\\/fi\\\/tyoskentely-kreetalla\\\/#breadcrumb\",\"itemListElement\":[{\"@type\":\"ListItem\",\"position\":1,\"name\":\"Home\",\"item\":\"https:\\\/\\\/langujobs.com\\\/fi\\\/\"},{\"@type\":\"ListItem\",\"position\":2,\"name\":\"Ty\u00f6skentely Kreetalla \u2013 ty\u00f6, palkat, asuminen ja el\u00e4m\u00e4 ulkomailla\"}]},{\"@type\":\"WebSite\",\"@id\":\"https:\\\/\\\/langujobs.com\\\/fi\\\/#website\",\"url\":\"https:\\\/\\\/langujobs.com\\\/fi\\\/\",\"name\":\"Langujobs\",\"description\":\"Find Your Dream Language Job Abroad\",\"publisher\":{\"@id\":\"https:\\\/\\\/langujobs.com\\\/fi\\\/#organization\"},\"potentialAction\":[{\"@type\":\"SearchAction\",\"target\":{\"@type\":\"EntryPoint\",\"urlTemplate\":\"https:\\\/\\\/langujobs.com\\\/fi\\\/?s={search_term_string}\"},\"query-input\":{\"@type\":\"PropertyValueSpecification\",\"valueRequired\":true,\"valueName\":\"search_term_string\"}}],\"inLanguage\":\"fi\"},{\"@type\":\"Organization\",\"@id\":\"https:\\\/\\\/langujobs.com\\\/fi\\\/#organization\",\"name\":\"Langujobs\",\"url\":\"https:\\\/\\\/langujobs.com\\\/fi\\\/\",\"logo\":{\"@type\":\"ImageObject\",\"inLanguage\":\"fi\",\"@id\":\"https:\\\/\\\/langujobs.com\\\/fi\\\/#\\\/schema\\\/logo\\\/image\\\/\",\"url\":\"https:\\\/\\\/langujobs.com\\\/wp-content\\\/uploads\\\/2025\\\/05\\\/langujobs-logo-full.png\",\"contentUrl\":\"https:\\\/\\\/langujobs.com\\\/wp-content\\\/uploads\\\/2025\\\/05\\\/langujobs-logo-full.png\",\"width\":540,\"height\":108,\"caption\":\"Langujobs\"},\"image\":{\"@id\":\"https:\\\/\\\/langujobs.com\\\/fi\\\/#\\\/schema\\\/logo\\\/image\\\/\"}},{\"@type\":\"Person\",\"@id\":\"https:\\\/\\\/langujobs.com\\\/fi\\\/#\\\/schema\\\/person\\\/9f81c5f0fc51b26bb9e983f5ad462388\",\"name\":\"Raud Skogh\",\"image\":{\"@type\":\"ImageObject\",\"inLanguage\":\"fi\",\"@id\":\"https:\\\/\\\/secure.gravatar.com\\\/avatar\\\/50aa0f1a5b4b206cb6e0b4c620ccc28e65f68e6bf5ea540f3b35929ea421d1d4?s=96&d=mm&r=g\",\"url\":\"https:\\\/\\\/secure.gravatar.com\\\/avatar\\\/50aa0f1a5b4b206cb6e0b4c620ccc28e65f68e6bf5ea540f3b35929ea421d1d4?s=96&d=mm&r=g\",\"contentUrl\":\"https:\\\/\\\/secure.gravatar.com\\\/avatar\\\/50aa0f1a5b4b206cb6e0b4c620ccc28e65f68e6bf5ea540f3b35929ea421d1d4?s=96&d=mm&r=g\",\"caption\":\"Raud Skogh\"}}]}<\/script>\n<!-- \/ Yoast SEO plugin. -->","yoast_head_json":{"title":"Ty\u00f6skentely Kreetalla \u2013 ty\u00f6, palkat ja asuminen","description":"Ty\u00f6skentely Kreetalla \u2013 ty\u00f6, palkat ja asuminen. Katso ty\u00f6mahdollisuudet matkailussa, asiakaspalvelussa ja kansainv\u00e4lisiss\u00e4 yrityksiss\u00e4.","robots":{"index":"index","follow":"follow","max-snippet":"max-snippet:-1","max-image-preview":"max-image-preview:large","max-video-preview":"max-video-preview:-1"},"canonical":"https:\/\/langujobs.com\/fi\/tyoskentely-kreetalla\/","og_locale":"fi_FI","og_type":"article","og_title":"Ty\u00f6skentely Kreetalla \u2013 ty\u00f6, palkat ja asuminen","og_description":"Ty\u00f6skentely Kreetalla \u2013 ty\u00f6, palkat ja asuminen. Katso ty\u00f6mahdollisuudet matkailussa, asiakaspalvelussa ja kansainv\u00e4lisiss\u00e4 yrityksiss\u00e4.","og_url":"https:\/\/langujobs.com\/fi\/tyoskentely-kreetalla\/","og_site_name":"Langujobs","article_published_time":"2025-10-06T16:15:21+00:00","article_modified_time":"2026-04-23T11:09:21+00:00","og_image":[{"width":1536,"height":864,"url":"https:\/\/langujobs.com\/wp-content\/uploads\/2025\/10\/Working-in-Crete-1.webp","type":"image\/webp"}],"author":"Raud Skogh","twitter_card":"summary_large_image","twitter_misc":{"Kirjoittanut":"Raud Skogh","Arvioitu lukuaika":"5 minuutti"},"schema":{"@context":"https:\/\/schema.org","@graph":[{"@type":"Article","@id":"https:\/\/langujobs.com\/fi\/tyoskentely-kreetalla\/#article","isPartOf":{"@id":"https:\/\/langujobs.com\/fi\/tyoskentely-kreetalla\/"},"author":{"name":"Raud Skogh","@id":"https:\/\/langujobs.com\/fi\/#\/schema\/person\/9f81c5f0fc51b26bb9e983f5ad462388"},"headline":"Ty\u00f6skentely Kreetalla \u2013 ty\u00f6, palkat, asuminen ja el\u00e4m\u00e4 ulkomailla","datePublished":"2025-10-06T16:15:21+00:00","dateModified":"2026-04-23T11:09:21+00:00","mainEntityOfPage":{"@id":"https:\/\/langujobs.com\/fi\/tyoskentely-kreetalla\/"},"wordCount":1090,"publisher":{"@id":"https:\/\/langujobs.com\/fi\/#organization"},"image":{"@id":"https:\/\/langujobs.com\/fi\/tyoskentely-kreetalla\/#primaryimage"},"thumbnailUrl":"https:\/\/langujobs.com\/wp-content\/uploads\/2025\/10\/Working-in-Crete-1.webp","articleSection":["Kreeta","Kreikka"],"inLanguage":"fi"},{"@type":"WebPage","@id":"https:\/\/langujobs.com\/fi\/tyoskentely-kreetalla\/","url":"https:\/\/langujobs.com\/fi\/tyoskentely-kreetalla\/","name":"Ty\u00f6skentely Kreetalla \u2013 ty\u00f6, palkat ja asuminen","isPartOf":{"@id":"https:\/\/langujobs.com\/fi\/#website"},"primaryImageOfPage":{"@id":"https:\/\/langujobs.com\/fi\/tyoskentely-kreetalla\/#primaryimage"},"image":{"@id":"https:\/\/langujobs.com\/fi\/tyoskentely-kreetalla\/#primaryimage"},"thumbnailUrl":"https:\/\/langujobs.com\/wp-content\/uploads\/2025\/10\/Working-in-Crete-1.webp","datePublished":"2025-10-06T16:15:21+00:00","dateModified":"2026-04-23T11:09:21+00:00","description":"Ty\u00f6skentely Kreetalla \u2013 ty\u00f6, palkat ja asuminen. Katso ty\u00f6mahdollisuudet matkailussa, asiakaspalvelussa ja kansainv\u00e4lisiss\u00e4 yrityksiss\u00e4.","breadcrumb":{"@id":"https:\/\/langujobs.com\/fi\/tyoskentely-kreetalla\/#breadcrumb"},"inLanguage":"fi","potentialAction":[{"@type":"ReadAction","target":["https:\/\/langujobs.com\/fi\/tyoskentely-kreetalla\/"]}]},{"@type":"ImageObject","inLanguage":"fi","@id":"https:\/\/langujobs.com\/fi\/tyoskentely-kreetalla\/#primaryimage","url":"https:\/\/langujobs.com\/wp-content\/uploads\/2025\/10\/Working-in-Crete-1.webp","contentUrl":"https:\/\/langujobs.com\/wp-content\/uploads\/2025\/10\/Working-in-Crete-1.webp","width":1536,"height":864},{"@type":"BreadcrumbList","@id":"https:\/\/langujobs.com\/fi\/tyoskentely-kreetalla\/#breadcrumb","itemListElement":[{"@type":"ListItem","position":1,"name":"Home","item":"https:\/\/langujobs.com\/fi\/"},{"@type":"ListItem","position":2,"name":"Ty\u00f6skentely Kreetalla \u2013 ty\u00f6, palkat, asuminen ja el\u00e4m\u00e4 ulkomailla"}]},{"@type":"WebSite","@id":"https:\/\/langujobs.com\/fi\/#website","url":"https:\/\/langujobs.com\/fi\/","name":"Langujobs","description":"Find Your Dream Language Job Abroad","publisher":{"@id":"https:\/\/langujobs.com\/fi\/#organization"},"potentialAction":[{"@type":"SearchAction","target":{"@type":"EntryPoint","urlTemplate":"https:\/\/langujobs.com\/fi\/?s={search_term_string}"},"query-input":{"@type":"PropertyValueSpecification","valueRequired":true,"valueName":"search_term_string"}}],"inLanguage":"fi"},{"@type":"Organization","@id":"https:\/\/langujobs.com\/fi\/#organization","name":"Langujobs","url":"https:\/\/langujobs.com\/fi\/","logo":{"@type":"ImageObject","inLanguage":"fi","@id":"https:\/\/langujobs.com\/fi\/#\/schema\/logo\/image\/","url":"https:\/\/langujobs.com\/wp-content\/uploads\/2025\/05\/langujobs-logo-full.png","contentUrl":"https:\/\/langujobs.com\/wp-content\/uploads\/2025\/05\/langujobs-logo-full.png","width":540,"height":108,"caption":"Langujobs"},"image":{"@id":"https:\/\/langujobs.com\/fi\/#\/schema\/logo\/image\/"}},{"@type":"Person","@id":"https:\/\/langujobs.com\/fi\/#\/schema\/person\/9f81c5f0fc51b26bb9e983f5ad462388","name":"Raud Skogh","image":{"@type":"ImageObject","inLanguage":"fi","@id":"https:\/\/secure.gravatar.com\/avatar\/50aa0f1a5b4b206cb6e0b4c620ccc28e65f68e6bf5ea540f3b35929ea421d1d4?s=96&d=mm&r=g","url":"https:\/\/secure.gravatar.com\/avatar\/50aa0f1a5b4b206cb6e0b4c620ccc28e65f68e6bf5ea540f3b35929ea421d1d4?s=96&d=mm&r=g","contentUrl":"https:\/\/secure.gravatar.com\/avatar\/50aa0f1a5b4b206cb6e0b4c620ccc28e65f68e6bf5ea540f3b35929ea421d1d4?s=96&d=mm&r=g","caption":"Raud Skogh"}}]}},"_links":{"self":[{"href":"https:\/\/langujobs.com\/fi\/wp-json\/wp\/v2\/posts\/15695","targetHints":{"allow":["GET"]}}],"collection":[{"href":"https:\/\/langujobs.com\/fi\/wp-json\/wp\/v2\/posts"}],"about":[{"href":"https:\/\/langujobs.com\/fi\/wp-json\/wp\/v2\/types\/post"}],"author":[{"embeddable":true,"href":"https:\/\/langujobs.com\/fi\/wp-json\/wp\/v2\/users\/2"}],"replies":[{"embeddable":true,"href":"https:\/\/langujobs.com\/fi\/wp-json\/wp\/v2\/comments?post=15695"}],"version-history":[{"count":0,"href":"https:\/\/langujobs.com\/fi\/wp-json\/wp\/v2\/posts\/15695\/revisions"}],"wp:featuredmedia":[{"embeddable":true,"href":"https:\/\/langujobs.com\/fi\/wp-json\/wp\/v2\/media\/15694"}],"wp:attachment":[{"href":"https:\/\/langujobs.com\/fi\/wp-json\/wp\/v2\/media?parent=15695"}],"wp:term":[{"taxonomy":"category","embeddable":true,"href":"https:\/\/langujobs.com\/fi\/wp-json\/wp\/v2\/categories?post=15695"},{"taxonomy":"post_tag","embeddable":true,"href":"https:\/\/langujobs.com\/fi\/wp-json\/wp\/v2\/tags?post=15695"}],"curies":[{"name":"wp","href":"https:\/\/api.w.org\/{rel}","templated":true}]}}