{"id":1503,"date":"2025-10-09T19:01:59","date_gmt":"2025-10-09T17:01:59","guid":{"rendered":"https:\/\/langujobs.com\/?p=1503"},"modified":"2026-04-03T16:16:42","modified_gmt":"2026-04-03T14:16:42","slug":"jobba-i-lissabon","status":"publish","type":"post","link":"https:\/\/langujobs.com\/sv\/jobba-i-lissabon\/","title":{"rendered":"Jobba i Lissabon \u2013 jobb, l\u00f6ner och livet i Portugal"},"content":{"rendered":"\n<p>Att jobba i Lissabon lockar svenskar som vill arbeta utomlands i en solig kusthuvudstad med en snabbv\u00e4xande arbetsmarknad, avslappnad livsstil och stark efterfr\u00e5gan p\u00e5 flerspr\u00e5kig kompetens. Staden erbjuder moderna arbetsplatser, en stor internationell community och en relativt l\u00e5g levnadskostnad j\u00e4mf\u00f6rt med m\u00e5nga andra v\u00e4steuropeiska huvudst\u00e4der.<\/p>\n\n\n\n<p>Lissabon \u00e4r Portugals mest internationella arbetsmarknad, s\u00e4rskilt inom teknik, shared service centers, turism och digitala branscher. Engelska anv\u00e4nds brett i internationella f\u00f6retag, framf\u00f6r allt inom IT, marknadsf\u00f6ring, kundsupport och BPO-roller.<\/p>\n\n\n\n<p>Om ditt m\u00e5l \u00e4r att flytta f\u00f6r att arbeta, bygga internationell erfarenhet och njuta av h\u00f6g livskvalitet i en varm sydeuropeisk stad b\u00f6rjar m\u00e5nga med att unders\u00f6ka m\u00f6jligheterna att <strong><a href=\"https:\/\/langujobs.com\/sv\/jobba-i-portugal\/\">jobba i Portugal<\/a><\/strong> innan de fokuserar p\u00e5 Lissabon.<\/p>\n\n\n\n<figure class=\"wp-block-image size-large\"><img fetchpriority=\"high\" decoding=\"async\" width=\"1024\" height=\"682\" src=\"https:\/\/langujobs.com\/wp-content\/uploads\/2025\/10\/work-in-lisbon-1024x682.webp\" alt=\"Stadsliv i Lissabon\" class=\"wp-image-1489\" srcset=\"https:\/\/langujobs.com\/wp-content\/uploads\/2025\/10\/work-in-lisbon-1024x682.webp 1024w, https:\/\/langujobs.com\/wp-content\/uploads\/2025\/10\/work-in-lisbon-300x200.webp 300w, https:\/\/langujobs.com\/wp-content\/uploads\/2025\/10\/work-in-lisbon-768x511.webp 768w, https:\/\/langujobs.com\/wp-content\/uploads\/2025\/10\/work-in-lisbon-1536x1022.webp 1536w, https:\/\/langujobs.com\/wp-content\/uploads\/2025\/10\/work-in-lisbon-600x399.webp 600w, https:\/\/langujobs.com\/wp-content\/uploads\/2025\/10\/work-in-lisbon-1200x799.webp 1200w, https:\/\/langujobs.com\/wp-content\/uploads\/2025\/10\/work-in-lisbon.webp 2048w\" sizes=\"(max-width: 1024px) 100vw, 1024px\" \/><\/figure>\n\n\n\n<h2 class=\"wp-block-heading\">Jobba i Lissabon och arbetsmarknaden<\/h2>\n\n\n\n<p>Arbetsmarknaden i Lissabon \u00e4r internationell och v\u00e4xer snabbt, driven av teknik, turism, outsourcing, digitala tj\u00e4nster och f\u00f6retagstj\u00e4nster.<\/p>\n\n\n\n<p>De flesta internationella jobben finns i:<\/p>\n\n\n\n<ul class=\"wp-block-list\">\n<li>Centrala Lissabon<\/li>\n\n\n\n<li>Parque das Na\u00e7\u00f5es<\/li>\n\n\n\n<li>Alc\u00e2ntara<\/li>\n\n\n\n<li>Marvila<\/li>\n\n\n\n<li>Oeiras<\/li>\n\n\n\n<li>Cascais<\/li>\n<\/ul>\n\n\n\n<p>Efterfr\u00e5gan \u00e4r s\u00e4rskilt h\u00f6g inom:<\/p>\n\n\n\n<ul class=\"wp-block-list\">\n<li>IT och mjukvaruutveckling<\/li>\n\n\n\n<li>shared service centers och BPO<\/li>\n\n\n\n<li>digital marknadsf\u00f6ring<\/li>\n\n\n\n<li>kundsupport f\u00f6r internationella marknader<\/li>\n\n\n\n<li>f\u00f6rs\u00e4ljning och aff\u00e4rsutveckling<\/li>\n\n\n\n<li>data och analys<\/li>\n\n\n\n<li>turism och hotell<\/li>\n<\/ul>\n\n\n\n<p>M\u00e5nga multinationella f\u00f6retag har stora kontor och servicehubbar i Lissabon och rekryterar flerspr\u00e5kig personal f\u00f6r att serva europeiska och globala kunder. Engelska \u00e4r ofta huvudspr\u00e5k i dessa roller, och ytterligare europeiska spr\u00e5k \u00e4r en stor f\u00f6rdel.<\/p>\n\n\n\n<p>Svenskar med spr\u00e5kkunskaper, teknisk kompetens eller internationell erfarenhet har goda m\u00f6jligheter att snabbt hitta jobb i Lissabon.<\/p>\n\n\n\n<figure class=\"wp-block-image size-large\"><img decoding=\"async\" width=\"1024\" height=\"745\" src=\"https:\/\/langujobs.com\/wp-content\/uploads\/2025\/10\/joao-reguengos-zXfpoxHnxrs-unsplash-1024x745.jpg\" alt=\"Personer p\u00e5 v\u00e4g till jobbet i Lissabon\" class=\"wp-image-7821\" srcset=\"https:\/\/langujobs.com\/wp-content\/uploads\/2025\/10\/joao-reguengos-zXfpoxHnxrs-unsplash-1024x745.jpg 1024w, https:\/\/langujobs.com\/wp-content\/uploads\/2025\/10\/joao-reguengos-zXfpoxHnxrs-unsplash-300x218.jpg 300w, https:\/\/langujobs.com\/wp-content\/uploads\/2025\/10\/joao-reguengos-zXfpoxHnxrs-unsplash-768x559.jpg 768w, https:\/\/langujobs.com\/wp-content\/uploads\/2025\/10\/joao-reguengos-zXfpoxHnxrs-unsplash-1536x1117.jpg 1536w, https:\/\/langujobs.com\/wp-content\/uploads\/2025\/10\/joao-reguengos-zXfpoxHnxrs-unsplash-2048x1490.jpg 2048w, https:\/\/langujobs.com\/wp-content\/uploads\/2025\/10\/joao-reguengos-zXfpoxHnxrs-unsplash-600x437.jpg 600w, https:\/\/langujobs.com\/wp-content\/uploads\/2025\/10\/joao-reguengos-zXfpoxHnxrs-unsplash-1200x873.jpg 1200w\" sizes=\"(max-width: 1024px) 100vw, 1024px\" \/><\/figure>\n\n\n\n<h2 class=\"wp-block-heading\">Vanliga jobb f\u00f6r svenskar i Lissabon<\/h2>\n\n\n\n<p>Svenskar som s\u00f6ker jobb i Lissabon f\u00e5r ofta arbete i roller d\u00e4r spr\u00e5k, teknisk kompetens eller erfarenhet fr\u00e5n internationella milj\u00f6er v\u00e4rderas h\u00f6gt.<\/p>\n\n\n\n<p>N\u00e5gra av de vanligaste jobben \u00e4r:<\/p>\n\n\n\n<ul class=\"wp-block-list\">\n<li>kundsupportmedarbetare f\u00f6r internationella marknader<\/li>\n\n\n\n<li>content moderators och trust &amp; safety-roller<\/li>\n\n\n\n<li>digitala marknadsf\u00f6rare<\/li>\n\n\n\n<li>systemutvecklare och IT-specialister<\/li>\n\n\n\n<li>dataanalytiker<\/li>\n\n\n\n<li>s\u00e4ljare och account managers<\/li>\n\n\n\n<li>personal inom turism och hotell<\/li>\n<\/ul>\n\n\n\n<p>M\u00e5nga kundsupport- och BPO-roller p\u00e5 junior niv\u00e5 kr\u00e4ver inte tidigare erfarenhet, s\u00e4rskilt om du talar svenska eller andra st\u00f6rre europeiska spr\u00e5k. Tekniska och mer specialiserade roller kr\u00e4ver oftast mer erfarenhet men erbjuder h\u00f6gre l\u00f6n och b\u00e4ttre l\u00e5ngsiktiga karri\u00e4rm\u00f6jligheter.<\/p>\n\n\n\n<hr class=\"wp-block-separator has-alpha-channel-opacity\"\/>\n\n\n\n<h2 class=\"wp-block-heading\">L\u00f6n i Lissabon \u2013 vad kan du tj\u00e4na?<\/h2>\n\n\n\n<p>L\u00f6nerna i Lissabon \u00e4r l\u00e4gre \u00e4n i Norden men relativt h\u00f6ga i f\u00f6rh\u00e5llande till de lokala levnadskostnaderna.<\/p>\n\n\n\n<p>Typiska bruttol\u00f6ner per m\u00e5nad:<\/p>\n\n\n\n<ul class=\"wp-block-list\">\n<li>Kundservice \/ support: \u20ac1 200\u2013\u20ac1 800<\/li>\n\n\n\n<li>F\u00f6rs\u00e4ljning \/ aff\u00e4rsutveckling: \u20ac1 500\u2013\u20ac2 600<\/li>\n\n\n\n<li>IT \/ mjukvaruutveckling: \u20ac2 500\u2013\u20ac4 800+<\/li>\n\n\n\n<li>Digital marknadsf\u00f6ring: \u20ac1 600\u2013\u20ac2 800<\/li>\n\n\n\n<li>Data \/ analys: \u20ac2 400\u2013\u20ac4 500+<\/li>\n\n\n\n<li>Finans \/ redovisning: \u20ac1 900\u2013\u20ac3 300<\/li>\n<\/ul>\n\n\n\n<p>M\u00e5nga arbetsgivare erbjuder \u00e4ven:<\/p>\n\n\n\n<ul class=\"wp-block-list\">\n<li>prestationsbonusar<\/li>\n\n\n\n<li>m\u00e5ltidskuponger<\/li>\n\n\n\n<li>privat sjukf\u00f6rs\u00e4kring<\/li>\n\n\n\n<li>flyttpaket f\u00f6r internationella rekryteringar<\/li>\n\n\n\n<li>flexibla arbetstider<\/li>\n<\/ul>\n\n\n\n<p>L\u00e4gre hyra och vardagskostnader j\u00e4mf\u00f6rt med norra Europa g\u00f6r att l\u00f6nen ofta r\u00e4cker l\u00e4ngre \u00e4n man f\u00f6rst tror, \u00e4ven om hyrorna i centrala Lissabon har stigit kraftigt de senaste \u00e5ren.<\/p>\n\n\n\n<hr class=\"wp-block-separator has-alpha-channel-opacity\"\/>\n\n\n\n<h2 class=\"wp-block-heading\">Hur fungerar rekrytering i Lissabon?<\/h2>\n\n\n\n<p>Internationell rekrytering i Lissabon sker fr\u00e4mst via:<\/p>\n\n\n\n<ul class=\"wp-block-list\">\n<li>multinationella f\u00f6retag med servicehubbar<\/li>\n\n\n\n<li>rekryteringsbyr\u00e5er med fokus p\u00e5 flerspr\u00e5kig kompetens<\/li>\n\n\n\n<li>f\u00f6retagens egna HR-team<\/li>\n<\/ul>\n\n\n\n<p>F\u00f6r m\u00e5nga roller, s\u00e4rskilt inom kundsupport, marknadsf\u00f6ring och IT, \u00e4r f\u00f6retag \u00f6ppna f\u00f6r kandidater som s\u00f6ker fr\u00e5n Sverige och flyttar efter att ha f\u00e5tt ett jobberbjudande.<\/p>\n\n\n\n<p>En typisk rekryteringsprocess best\u00e5r av:<\/p>\n\n\n\n<ul class=\"wp-block-list\">\n<li>onlineans\u00f6kan och CV-granskning<\/li>\n\n\n\n<li>en eller flera videointervjuer<\/li>\n\n\n\n<li>spr\u00e5k- eller f\u00e4rdighetstester i vissa roller<\/li>\n\n\n\n<li>skriftligt jobberbjudande och anst\u00e4llningsavtal<\/li>\n<\/ul>\n\n\n\n<p>Flyttst\u00f6d \u00e4r vanligt och kan inkludera hj\u00e4lp med boende, registrering, skatte\u00e4renden och initiala levnadskostnader.<\/p>\n\n\n\n<hr class=\"wp-block-separator has-alpha-channel-opacity\"\/>\n\n\n\n<h2 class=\"wp-block-heading\">Skatter och arbetsvillkor i Lissabon<\/h2>\n\n\n\n<p>Portugal har reglerade arbetstider, betald semester och tydliga anst\u00e4llningsavtal. Arbetsvillkoren \u00e4r generellt goda, s\u00e4rskilt inom internationella f\u00f6retag.<\/p>\n\n\n\n<p>Inkomstskatten \u00e4r relativt h\u00f6g j\u00e4mf\u00f6rt med vissa andra EU-l\u00e4nder. Anst\u00e4llda betalar \u00e4ven sociala avgifter som finansierar offentlig sjukv\u00e5rd och pensioner.<\/p>\n\n\n\n<p>Officiell skatteinformation finns hos den portugisiska skattemyndigheten:<br><a href=\"https:\/\/www.portaldasfinancas.gov.pt\">https:\/\/www.portaldasfinancas.gov.pt<\/a><\/p>\n\n\n\n<figure class=\"wp-block-image size-large\"><img decoding=\"async\" width=\"1024\" height=\"683\" src=\"https:\/\/langujobs.com\/wp-content\/uploads\/2025\/10\/andreas-brucker-X87yB-jvYHw-unsplash-1-1024x683.jpg\" alt=\"Lissabon p\u00e5 kv\u00e4llen\" class=\"wp-image-7843\" srcset=\"https:\/\/langujobs.com\/wp-content\/uploads\/2025\/10\/andreas-brucker-X87yB-jvYHw-unsplash-1-1024x683.jpg 1024w, https:\/\/langujobs.com\/wp-content\/uploads\/2025\/10\/andreas-brucker-X87yB-jvYHw-unsplash-1-300x200.jpg 300w, https:\/\/langujobs.com\/wp-content\/uploads\/2025\/10\/andreas-brucker-X87yB-jvYHw-unsplash-1-768x512.jpg 768w, https:\/\/langujobs.com\/wp-content\/uploads\/2025\/10\/andreas-brucker-X87yB-jvYHw-unsplash-1-1536x1024.jpg 1536w, https:\/\/langujobs.com\/wp-content\/uploads\/2025\/10\/andreas-brucker-X87yB-jvYHw-unsplash-1-2048x1365.jpg 2048w, https:\/\/langujobs.com\/wp-content\/uploads\/2025\/10\/andreas-brucker-X87yB-jvYHw-unsplash-1-600x400.jpg 600w, https:\/\/langujobs.com\/wp-content\/uploads\/2025\/10\/andreas-brucker-X87yB-jvYHw-unsplash-1-1200x800.jpg 1200w\" sizes=\"(max-width: 1024px) 100vw, 1024px\" \/><\/figure>\n\n\n\n<h2 class=\"wp-block-heading\">Flytta till Lissabon f\u00f6r att arbeta<\/h2>\n\n\n\n<p>EU- och EES-medborgare kan bo och arbeta i Portugal utan arbetstillst\u00e5nd. Icke-EU-medborgare beh\u00f6ver vanligtvis uppeh\u00e5lls- och arbetstillst\u00e5nd beroende p\u00e5 nationalitet och jobberbjudande.<\/p>\n\n\n\n<p>Officiell information om uppeh\u00e5lls- och arbetstillst\u00e5nd finns hos Portuguese Immigration and Borders Service:<br><a href=\"https:\/\/www.sef.pt\">https:\/\/www.sef.pt<\/a><\/p>\n\n\n\n<p>Allm\u00e4n samh\u00e4llsinformation och registreringsv\u00e4gledning finns via den portugisiska regeringens portal:<br><a href=\"https:\/\/www.portugal.gov.pt\">https:\/\/www.portugal.gov.pt<\/a><\/p>\n\n\n\n<p>Vid l\u00e4ngre vistelse m\u00e5ste du registrera din adress och skaffa ett NIF-nummer, vilket kr\u00e4vs f\u00f6r arbete, skatt, bank och tillg\u00e5ng till offentliga tj\u00e4nster.<\/p>\n\n\n\n<hr class=\"wp-block-separator has-alpha-channel-opacity\"\/>\n\n\n\n<h2 class=\"wp-block-heading\">Boende i Lissabon<\/h2>\n\n\n\n<p>Boende i Lissabon \u00e4r billigare \u00e4n i m\u00e5nga v\u00e4steuropeiska huvudst\u00e4der, men hyrorna har \u00f6kat kraftigt de senaste \u00e5ren.<\/p>\n\n\n\n<p>M\u00e5nga nyinflyttade b\u00f6rjar med delat boende eller korttidsuthyrning medan de s\u00f6ker en mer permanent bostad.<\/p>\n\n\n\n<p>M\u00e5nadshyran f\u00f6r en etta ligger vanligtvis runt \u20ac900\u2013\u20ac1 400 beroende p\u00e5 omr\u00e5de. Deposition motsvarande en till tv\u00e5 m\u00e5nadshyror \u00e4r vanligt.<\/p>\n\n\n\n<hr class=\"wp-block-separator has-alpha-channel-opacity\"\/>\n\n\n\n<h2 class=\"wp-block-heading\">Leva och arbeta i Lissabon<\/h2>\n\n\n\n<p>Lissabon erbjuder h\u00f6g livskvalitet, varmt klimat och en levande kultur.<\/p>\n\n\n\n<p>M\u00e5nga expats uppskattar den avslappnade livsstilen, n\u00e4rheten till stranden och den internationella atmosf\u00e4ren.<\/p>\n\n\n\n<p>Staden \u00e4r k\u00e4nd f\u00f6r sitt k\u00f6k, nattliv och rika kulturliv.<\/p>\n\n\n\n<hr class=\"wp-block-separator has-alpha-channel-opacity\"\/>\n\n\n\n<h2 class=\"wp-block-heading\">Transport i Lissabon<\/h2>\n\n\n\n<p>Kollektivtrafiken \u00e4r prisv\u00e4rd och v\u00e4l utbyggd med tunnelbana, bussar och sp\u00e5rvagnar.<\/p>\n\n\n\n<p>M\u00e5nga klarar sig utan bil.<\/p>\n\n\n\n<p>Lissabon har goda t\u00e5g- och flygf\u00f6rbindelser till resten av Portugal och Europa.<\/p>\n\n\n\n<figure class=\"wp-block-image size-large\"><img loading=\"lazy\" decoding=\"async\" width=\"1024\" height=\"681\" src=\"https:\/\/langujobs.com\/wp-content\/uploads\/2025\/10\/aayush-gupta-ljhCEaHYWJ8-unsplash-1024x681.jpg\" alt=\"Den ikoniska gula sp\u00e5rvagnen i Lissabon\" class=\"wp-image-7844\" srcset=\"https:\/\/langujobs.com\/wp-content\/uploads\/2025\/10\/aayush-gupta-ljhCEaHYWJ8-unsplash-1024x681.jpg 1024w, https:\/\/langujobs.com\/wp-content\/uploads\/2025\/10\/aayush-gupta-ljhCEaHYWJ8-unsplash-300x200.jpg 300w, https:\/\/langujobs.com\/wp-content\/uploads\/2025\/10\/aayush-gupta-ljhCEaHYWJ8-unsplash-768x511.jpg 768w, https:\/\/langujobs.com\/wp-content\/uploads\/2025\/10\/aayush-gupta-ljhCEaHYWJ8-unsplash-1536x1021.jpg 1536w, https:\/\/langujobs.com\/wp-content\/uploads\/2025\/10\/aayush-gupta-ljhCEaHYWJ8-unsplash-2048x1362.jpg 2048w, https:\/\/langujobs.com\/wp-content\/uploads\/2025\/10\/aayush-gupta-ljhCEaHYWJ8-unsplash-600x399.jpg 600w, https:\/\/langujobs.com\/wp-content\/uploads\/2025\/10\/aayush-gupta-ljhCEaHYWJ8-unsplash-1200x798.jpg 1200w\" sizes=\"(max-width: 1024px) 100vw, 1024px\" \/><\/figure>\n\n\n\n<h2 class=\"wp-block-heading\"><strong>F\u00f6rdelar och nackdelar med att arbeta i Lissabon<\/strong><\/h2>\n\n\n\n<p><strong>F\u00f6rdelar<\/strong><\/p>\n\n\n\n<ul class=\"wp-block-list\">\n<li>h\u00f6g livskvalitet<\/li>\n\n\n\n<li>stark internationell arbetsmarknad<\/li>\n\n\n\n<li>varmt klimat<\/li>\n\n\n\n<li>relativt l\u00e5g levnadskostnad<\/li>\n\n\n\n<li>levande kultur<\/li>\n<\/ul>\n\n\n\n<p><strong>Nackdelar<\/strong><\/p>\n\n\n\n<ul class=\"wp-block-list\">\n<li>l\u00e4gre l\u00f6ner \u00e4n i Norden<\/li>\n\n\n\n<li>stigande bostadskostnader<\/li>\n\n\n\n<li>konkurrens om jobben<\/li>\n\n\n\n<li>byr\u00e5krati kan vara l\u00e5ngsam<\/li>\n\n\n\n<li>begr\u00e4nsade karri\u00e4rm\u00f6jligheter utanf\u00f6r internationella sektorer<\/li>\n<\/ul>\n\n\n\n<hr class=\"wp-block-separator has-alpha-channel-opacity\"\/>\n\n\n\n<h2 class=\"wp-block-heading\">FAQ \u2013 Jobba i Lissabon<\/h2>\n\n\n\n<p><strong>\u00c4r det l\u00e4tt att hitta jobb i Lissabon?<\/strong><br>Det kan vara det, s\u00e4rskilt inom kundsupport, IT, marknadsf\u00f6ring och shared service centers d\u00e4r efterfr\u00e5gan p\u00e5 flerspr\u00e5kig personal \u00e4r h\u00f6g.<\/p>\n\n\n\n<p><strong>Beh\u00f6ver jag kunna portugisiska?<\/strong><br>Inte alltid. Engelska r\u00e4cker f\u00f6r m\u00e5nga internationella jobb, s\u00e4rskilt inom tech, kundsupport och BPO. Portugisiska \u00e4r dock en f\u00f6rdel f\u00f6r vardagsliv och l\u00e5ngsiktig integration.<\/p>\n\n\n\n<p><strong>Beh\u00f6ver jag arbetstillst\u00e5nd?<\/strong><br>EU- och EES-medborgare beh\u00f6ver inte arbetstillst\u00e5nd i Portugal. Icke-EU-medborgare beh\u00f6ver vanligtvis uppeh\u00e5lls- och arbetstillst\u00e5nd.<\/p>\n\n\n\n<p><strong>\u00c4r Lissabon dyrt?<\/strong><br>Levnadskostnaderna \u00e4r m\u00e5ttliga j\u00e4mf\u00f6rt med andra v\u00e4steuropeiska huvudst\u00e4der, men hyrorna har \u00f6kat betydligt de senaste \u00e5ren.<\/p>\n\n\n\n<hr class=\"wp-block-separator has-alpha-channel-opacity\"\/>\n\n\n\n<h2 class=\"wp-block-heading\">Sammanfattning \u2013 \u00e4r Lissabon r\u00e4tt f\u00f6r dig?<\/h2>\n\n\n\n<p>Jobb i Lissabon \u00e4r ett starkt val f\u00f6r dig som vill kombinera internationell arbetslivserfarenhet med en avslappnad livsstil och relativt l\u00e5g levnadskostnad i en europeisk huvudstad. \u00c4ven om l\u00f6nerna \u00e4r l\u00e4gre \u00e4n i Norden g\u00f6r klimatet, livskvaliteten och den h\u00f6ga efterfr\u00e5gan p\u00e5 flerspr\u00e5kig kompetens att Lissabon \u00e4r en attraktiv destination f\u00f6r att arbeta utomlands.<\/p>\n\n\n\n<p>Vill du j\u00e4mf\u00f6ra l\u00e4nder kan du l\u00e4sa mer om <strong><a href=\"https:\/\/langujobs.com\/sv\/\">jobb utomlands<\/a><\/strong>. <br>Redo att ta n\u00e4sta steg? G\u00e5 direkt till <strong><a href=\"https:\/\/langujobs.com\/sv\/jobb\/\">lediga jobb<\/a><\/strong> och se aktuella m\u00f6jligheter.<\/p>\n","protected":false},"excerpt":{"rendered":"<p>Lissabon \u00e4r en livlig, m\u00e5ngkulturell stad vid Atlanten med v\u00e4xande jobbm\u00f6jligheter i internationella f\u00f6retag. Det \u00e4r en fantastisk plats att arbeta utomlands, med jobb inom kundservice, f\u00f6rs\u00e4ljning, HR och ekonomi \u2013 allt i en avslappnad, solig livsstil.<\/p>\n","protected":false},"author":6,"featured_media":1502,"comment_status":"closed","ping_status":"closed","sticky":false,"template":"","format":"standard","meta":{"footnotes":""},"categories":[252,552,436,250],"tags":[],"class_list":["post-1503","post","type-post","status-publish","format-standard","has-post-thumbnail","hentry","category-lisbon","category-lissabon","category-portugal"],"yoast_head":"<!-- This site is optimized with the Yoast SEO plugin v27.3 - https:\/\/yoast.com\/product\/yoast-seo-wordpress\/ -->\n<title>Jobba i Lissabon \u2013 l\u00f6n, boende och arbeta utomlands<\/title>\n<meta name=\"description\" content=\"Jobba i Lissabon f\u00f6r dig som vill arbeta utomlands. Se l\u00f6n, boende, skatter och hur arbetsmarknaden i Lissabon fungerar.\" \/>\n<meta name=\"robots\" content=\"index, follow, max-snippet:-1, max-image-preview:large, max-video-preview:-1\" \/>\n<link rel=\"canonical\" href=\"https:\/\/langujobs.com\/sv\/jobba-i-lissabon\/\" \/>\n<meta property=\"og:locale\" content=\"sv_SE\" \/>\n<meta property=\"og:type\" content=\"article\" \/>\n<meta property=\"og:title\" content=\"Jobba i Lissabon \u2013 l\u00f6n, boende och arbeta utomlands\" \/>\n<meta property=\"og:description\" content=\"Jobba i Lissabon f\u00f6r dig som vill arbeta utomlands. Se l\u00f6n, boende, skatter och hur arbetsmarknaden i Lissabon fungerar.\" \/>\n<meta property=\"og:url\" content=\"https:\/\/langujobs.com\/sv\/jobba-i-lissabon\/\" \/>\n<meta property=\"og:site_name\" content=\"Langujobs\" \/>\n<meta property=\"article:published_time\" content=\"2025-10-09T17:01:59+00:00\" \/>\n<meta property=\"article:modified_time\" content=\"2026-04-03T14:16:42+00:00\" \/>\n<meta property=\"og:image\" content=\"https:\/\/langujobs.com\/wp-content\/uploads\/2025\/10\/work-in-lisbon-scaled.jpg\" \/>\n\t<meta property=\"og:image:width\" content=\"2048\" \/>\n\t<meta property=\"og:image:height\" content=\"2560\" \/>\n\t<meta property=\"og:image:type\" content=\"image\/jpeg\" \/>\n<meta name=\"author\" content=\"Jessica\" \/>\n<meta name=\"twitter:card\" content=\"summary_large_image\" \/>\n<meta name=\"twitter:label1\" content=\"Skriven av\" \/>\n\t<meta name=\"twitter:data1\" content=\"Jessica\" \/>\n\t<meta name=\"twitter:label2\" content=\"Ber\u00e4knad l\u00e4stid\" \/>\n\t<meta name=\"twitter:data2\" content=\"6 minut\" \/>\n<script type=\"application\/ld+json\" class=\"yoast-schema-graph\">{\"@context\":\"https:\\\/\\\/schema.org\",\"@graph\":[{\"@type\":\"Article\",\"@id\":\"https:\\\/\\\/langujobs.com\\\/sv\\\/jobba-i-lissabon\\\/#article\",\"isPartOf\":{\"@id\":\"https:\\\/\\\/langujobs.com\\\/sv\\\/jobba-i-lissabon\\\/\"},\"author\":{\"name\":\"Jessica\",\"@id\":\"https:\\\/\\\/langujobs.com\\\/sv\\\/#\\\/schema\\\/person\\\/82ba8eeb4cc67f1dd5c25358d1aacffc\"},\"headline\":\"Jobba i Lissabon \u2013 jobb, l\u00f6ner och livet i Portugal\",\"datePublished\":\"2025-10-09T17:01:59+00:00\",\"dateModified\":\"2026-04-03T14:16:42+00:00\",\"mainEntityOfPage\":{\"@id\":\"https:\\\/\\\/langujobs.com\\\/sv\\\/jobba-i-lissabon\\\/\"},\"wordCount\":1211,\"publisher\":{\"@id\":\"https:\\\/\\\/langujobs.com\\\/sv\\\/#organization\"},\"image\":{\"@id\":\"https:\\\/\\\/langujobs.com\\\/sv\\\/jobba-i-lissabon\\\/#primaryimage\"},\"thumbnailUrl\":\"https:\\\/\\\/langujobs.com\\\/wp-content\\\/uploads\\\/2025\\\/10\\\/work-in-lisbon-scaled.jpg\",\"articleSection\":[\"Lisbon\",\"Lissabon\",\"Portugal\",\"Portugal\"],\"inLanguage\":\"sv-SE\"},{\"@type\":\"WebPage\",\"@id\":\"https:\\\/\\\/langujobs.com\\\/sv\\\/jobba-i-lissabon\\\/\",\"url\":\"https:\\\/\\\/langujobs.com\\\/sv\\\/jobba-i-lissabon\\\/\",\"name\":\"Jobba i Lissabon \u2013 l\u00f6n, boende och arbeta utomlands\",\"isPartOf\":{\"@id\":\"https:\\\/\\\/langujobs.com\\\/sv\\\/#website\"},\"primaryImageOfPage\":{\"@id\":\"https:\\\/\\\/langujobs.com\\\/sv\\\/jobba-i-lissabon\\\/#primaryimage\"},\"image\":{\"@id\":\"https:\\\/\\\/langujobs.com\\\/sv\\\/jobba-i-lissabon\\\/#primaryimage\"},\"thumbnailUrl\":\"https:\\\/\\\/langujobs.com\\\/wp-content\\\/uploads\\\/2025\\\/10\\\/work-in-lisbon-scaled.jpg\",\"datePublished\":\"2025-10-09T17:01:59+00:00\",\"dateModified\":\"2026-04-03T14:16:42+00:00\",\"description\":\"Jobba i Lissabon f\u00f6r dig som vill arbeta utomlands. Se l\u00f6n, boende, skatter och hur arbetsmarknaden i Lissabon fungerar.\",\"breadcrumb\":{\"@id\":\"https:\\\/\\\/langujobs.com\\\/sv\\\/jobba-i-lissabon\\\/#breadcrumb\"},\"inLanguage\":\"sv-SE\",\"potentialAction\":[{\"@type\":\"ReadAction\",\"target\":[\"https:\\\/\\\/langujobs.com\\\/sv\\\/jobba-i-lissabon\\\/\"]}]},{\"@type\":\"ImageObject\",\"inLanguage\":\"sv-SE\",\"@id\":\"https:\\\/\\\/langujobs.com\\\/sv\\\/jobba-i-lissabon\\\/#primaryimage\",\"url\":\"https:\\\/\\\/langujobs.com\\\/wp-content\\\/uploads\\\/2025\\\/10\\\/work-in-lisbon-scaled.jpg\",\"contentUrl\":\"https:\\\/\\\/langujobs.com\\\/wp-content\\\/uploads\\\/2025\\\/10\\\/work-in-lisbon-scaled.jpg\",\"width\":2048,\"height\":2560},{\"@type\":\"BreadcrumbList\",\"@id\":\"https:\\\/\\\/langujobs.com\\\/sv\\\/jobba-i-lissabon\\\/#breadcrumb\",\"itemListElement\":[{\"@type\":\"ListItem\",\"position\":1,\"name\":\"Home\",\"item\":\"https:\\\/\\\/langujobs.com\\\/sv\\\/\"},{\"@type\":\"ListItem\",\"position\":2,\"name\":\"Jobba i Lissabon \u2013 jobb, l\u00f6ner och livet i Portugal\"}]},{\"@type\":\"WebSite\",\"@id\":\"https:\\\/\\\/langujobs.com\\\/sv\\\/#website\",\"url\":\"https:\\\/\\\/langujobs.com\\\/sv\\\/\",\"name\":\"Langujobs\",\"description\":\"Find Your Dream Language Job Abroad\",\"publisher\":{\"@id\":\"https:\\\/\\\/langujobs.com\\\/sv\\\/#organization\"},\"potentialAction\":[{\"@type\":\"SearchAction\",\"target\":{\"@type\":\"EntryPoint\",\"urlTemplate\":\"https:\\\/\\\/langujobs.com\\\/sv\\\/?s={search_term_string}\"},\"query-input\":{\"@type\":\"PropertyValueSpecification\",\"valueRequired\":true,\"valueName\":\"search_term_string\"}}],\"inLanguage\":\"sv-SE\"},{\"@type\":\"Organization\",\"@id\":\"https:\\\/\\\/langujobs.com\\\/sv\\\/#organization\",\"name\":\"Langujobs\",\"url\":\"https:\\\/\\\/langujobs.com\\\/sv\\\/\",\"logo\":{\"@type\":\"ImageObject\",\"inLanguage\":\"sv-SE\",\"@id\":\"https:\\\/\\\/langujobs.com\\\/sv\\\/#\\\/schema\\\/logo\\\/image\\\/\",\"url\":\"https:\\\/\\\/langujobs.com\\\/wp-content\\\/uploads\\\/2025\\\/05\\\/langujobs-logo-full.png\",\"contentUrl\":\"https:\\\/\\\/langujobs.com\\\/wp-content\\\/uploads\\\/2025\\\/05\\\/langujobs-logo-full.png\",\"width\":540,\"height\":108,\"caption\":\"Langujobs\"},\"image\":{\"@id\":\"https:\\\/\\\/langujobs.com\\\/sv\\\/#\\\/schema\\\/logo\\\/image\\\/\"}},{\"@type\":\"Person\",\"@id\":\"https:\\\/\\\/langujobs.com\\\/sv\\\/#\\\/schema\\\/person\\\/82ba8eeb4cc67f1dd5c25358d1aacffc\",\"name\":\"Jessica\",\"image\":{\"@type\":\"ImageObject\",\"inLanguage\":\"sv-SE\",\"@id\":\"https:\\\/\\\/secure.gravatar.com\\\/avatar\\\/378be037fa4a43092601ba38fd93ca56647cdbd98ec0d16f480d9132acae3ce6?s=96&d=mm&r=g\",\"url\":\"https:\\\/\\\/secure.gravatar.com\\\/avatar\\\/378be037fa4a43092601ba38fd93ca56647cdbd98ec0d16f480d9132acae3ce6?s=96&d=mm&r=g\",\"contentUrl\":\"https:\\\/\\\/secure.gravatar.com\\\/avatar\\\/378be037fa4a43092601ba38fd93ca56647cdbd98ec0d16f480d9132acae3ce6?s=96&d=mm&r=g\",\"caption\":\"Jessica\"}}]}<\/script>\n<!-- \/ Yoast SEO plugin. -->","yoast_head_json":{"title":"Jobba i Lissabon \u2013 l\u00f6n, boende och arbeta utomlands","description":"Jobba i Lissabon f\u00f6r dig som vill arbeta utomlands. Se l\u00f6n, boende, skatter och hur arbetsmarknaden i Lissabon fungerar.","robots":{"index":"index","follow":"follow","max-snippet":"max-snippet:-1","max-image-preview":"max-image-preview:large","max-video-preview":"max-video-preview:-1"},"canonical":"https:\/\/langujobs.com\/sv\/jobba-i-lissabon\/","og_locale":"sv_SE","og_type":"article","og_title":"Jobba i Lissabon \u2013 l\u00f6n, boende och arbeta utomlands","og_description":"Jobba i Lissabon f\u00f6r dig som vill arbeta utomlands. Se l\u00f6n, boende, skatter och hur arbetsmarknaden i Lissabon fungerar.","og_url":"https:\/\/langujobs.com\/sv\/jobba-i-lissabon\/","og_site_name":"Langujobs","article_published_time":"2025-10-09T17:01:59+00:00","article_modified_time":"2026-04-03T14:16:42+00:00","og_image":[{"width":2048,"height":2560,"url":"https:\/\/langujobs.com\/wp-content\/uploads\/2025\/10\/work-in-lisbon-scaled.jpg","type":"image\/jpeg"}],"author":"Jessica","twitter_card":"summary_large_image","twitter_misc":{"Skriven av":"Jessica","Ber\u00e4knad l\u00e4stid":"6 minut"},"schema":{"@context":"https:\/\/schema.org","@graph":[{"@type":"Article","@id":"https:\/\/langujobs.com\/sv\/jobba-i-lissabon\/#article","isPartOf":{"@id":"https:\/\/langujobs.com\/sv\/jobba-i-lissabon\/"},"author":{"name":"Jessica","@id":"https:\/\/langujobs.com\/sv\/#\/schema\/person\/82ba8eeb4cc67f1dd5c25358d1aacffc"},"headline":"Jobba i Lissabon \u2013 jobb, l\u00f6ner och livet i Portugal","datePublished":"2025-10-09T17:01:59+00:00","dateModified":"2026-04-03T14:16:42+00:00","mainEntityOfPage":{"@id":"https:\/\/langujobs.com\/sv\/jobba-i-lissabon\/"},"wordCount":1211,"publisher":{"@id":"https:\/\/langujobs.com\/sv\/#organization"},"image":{"@id":"https:\/\/langujobs.com\/sv\/jobba-i-lissabon\/#primaryimage"},"thumbnailUrl":"https:\/\/langujobs.com\/wp-content\/uploads\/2025\/10\/work-in-lisbon-scaled.jpg","articleSection":["Lisbon","Lissabon","Portugal","Portugal"],"inLanguage":"sv-SE"},{"@type":"WebPage","@id":"https:\/\/langujobs.com\/sv\/jobba-i-lissabon\/","url":"https:\/\/langujobs.com\/sv\/jobba-i-lissabon\/","name":"Jobba i Lissabon \u2013 l\u00f6n, boende och arbeta utomlands","isPartOf":{"@id":"https:\/\/langujobs.com\/sv\/#website"},"primaryImageOfPage":{"@id":"https:\/\/langujobs.com\/sv\/jobba-i-lissabon\/#primaryimage"},"image":{"@id":"https:\/\/langujobs.com\/sv\/jobba-i-lissabon\/#primaryimage"},"thumbnailUrl":"https:\/\/langujobs.com\/wp-content\/uploads\/2025\/10\/work-in-lisbon-scaled.jpg","datePublished":"2025-10-09T17:01:59+00:00","dateModified":"2026-04-03T14:16:42+00:00","description":"Jobba i Lissabon f\u00f6r dig som vill arbeta utomlands. Se l\u00f6n, boende, skatter och hur arbetsmarknaden i Lissabon fungerar.","breadcrumb":{"@id":"https:\/\/langujobs.com\/sv\/jobba-i-lissabon\/#breadcrumb"},"inLanguage":"sv-SE","potentialAction":[{"@type":"ReadAction","target":["https:\/\/langujobs.com\/sv\/jobba-i-lissabon\/"]}]},{"@type":"ImageObject","inLanguage":"sv-SE","@id":"https:\/\/langujobs.com\/sv\/jobba-i-lissabon\/#primaryimage","url":"https:\/\/langujobs.com\/wp-content\/uploads\/2025\/10\/work-in-lisbon-scaled.jpg","contentUrl":"https:\/\/langujobs.com\/wp-content\/uploads\/2025\/10\/work-in-lisbon-scaled.jpg","width":2048,"height":2560},{"@type":"BreadcrumbList","@id":"https:\/\/langujobs.com\/sv\/jobba-i-lissabon\/#breadcrumb","itemListElement":[{"@type":"ListItem","position":1,"name":"Home","item":"https:\/\/langujobs.com\/sv\/"},{"@type":"ListItem","position":2,"name":"Jobba i Lissabon \u2013 jobb, l\u00f6ner och livet i Portugal"}]},{"@type":"WebSite","@id":"https:\/\/langujobs.com\/sv\/#website","url":"https:\/\/langujobs.com\/sv\/","name":"Langujobs","description":"Find Your Dream Language Job Abroad","publisher":{"@id":"https:\/\/langujobs.com\/sv\/#organization"},"potentialAction":[{"@type":"SearchAction","target":{"@type":"EntryPoint","urlTemplate":"https:\/\/langujobs.com\/sv\/?s={search_term_string}"},"query-input":{"@type":"PropertyValueSpecification","valueRequired":true,"valueName":"search_term_string"}}],"inLanguage":"sv-SE"},{"@type":"Organization","@id":"https:\/\/langujobs.com\/sv\/#organization","name":"Langujobs","url":"https:\/\/langujobs.com\/sv\/","logo":{"@type":"ImageObject","inLanguage":"sv-SE","@id":"https:\/\/langujobs.com\/sv\/#\/schema\/logo\/image\/","url":"https:\/\/langujobs.com\/wp-content\/uploads\/2025\/05\/langujobs-logo-full.png","contentUrl":"https:\/\/langujobs.com\/wp-content\/uploads\/2025\/05\/langujobs-logo-full.png","width":540,"height":108,"caption":"Langujobs"},"image":{"@id":"https:\/\/langujobs.com\/sv\/#\/schema\/logo\/image\/"}},{"@type":"Person","@id":"https:\/\/langujobs.com\/sv\/#\/schema\/person\/82ba8eeb4cc67f1dd5c25358d1aacffc","name":"Jessica","image":{"@type":"ImageObject","inLanguage":"sv-SE","@id":"https:\/\/secure.gravatar.com\/avatar\/378be037fa4a43092601ba38fd93ca56647cdbd98ec0d16f480d9132acae3ce6?s=96&d=mm&r=g","url":"https:\/\/secure.gravatar.com\/avatar\/378be037fa4a43092601ba38fd93ca56647cdbd98ec0d16f480d9132acae3ce6?s=96&d=mm&r=g","contentUrl":"https:\/\/secure.gravatar.com\/avatar\/378be037fa4a43092601ba38fd93ca56647cdbd98ec0d16f480d9132acae3ce6?s=96&d=mm&r=g","caption":"Jessica"}}]}},"_links":{"self":[{"href":"https:\/\/langujobs.com\/sv\/wp-json\/wp\/v2\/posts\/1503","targetHints":{"allow":["GET"]}}],"collection":[{"href":"https:\/\/langujobs.com\/sv\/wp-json\/wp\/v2\/posts"}],"about":[{"href":"https:\/\/langujobs.com\/sv\/wp-json\/wp\/v2\/types\/post"}],"author":[{"embeddable":true,"href":"https:\/\/langujobs.com\/sv\/wp-json\/wp\/v2\/users\/6"}],"replies":[{"embeddable":true,"href":"https:\/\/langujobs.com\/sv\/wp-json\/wp\/v2\/comments?post=1503"}],"version-history":[{"count":5,"href":"https:\/\/langujobs.com\/sv\/wp-json\/wp\/v2\/posts\/1503\/revisions"}],"predecessor-version":[{"id":26125,"href":"https:\/\/langujobs.com\/sv\/wp-json\/wp\/v2\/posts\/1503\/revisions\/26125"}],"wp:featuredmedia":[{"embeddable":true,"href":"https:\/\/langujobs.com\/sv\/wp-json\/wp\/v2\/media\/1502"}],"wp:attachment":[{"href":"https:\/\/langujobs.com\/sv\/wp-json\/wp\/v2\/media?parent=1503"}],"wp:term":[{"taxonomy":"category","embeddable":true,"href":"https:\/\/langujobs.com\/sv\/wp-json\/wp\/v2\/categories?post=1503"},{"taxonomy":"post_tag","embeddable":true,"href":"https:\/\/langujobs.com\/sv\/wp-json\/wp\/v2\/tags?post=1503"}],"curies":[{"name":"wp","href":"https:\/\/api.w.org\/{rel}","templated":true}]}}